{"id":3690,"date":"2018-01-23T14:28:38","date_gmt":"2018-01-23T16:28:38","guid":{"rendered":"https:\/\/hostnetart.com.br\/baixada\/reforma-da-previdencia-de-que-lado-voce-esta\/"},"modified":"2018-01-23T14:28:38","modified_gmt":"2018-01-23T16:28:38","slug":"reforma-da-previdencia-de-que-lado-voce-esta","status":"publish","type":"post","link":"https:\/\/hostnetart.com.br\/baixada\/reforma-da-previdencia-de-que-lado-voce-esta\/","title":{"rendered":"Reforma da Previd\u00eancia &#8211; De que lado voc\u00ea est\u00e1?"},"content":{"rendered":"<p>Enquanto o trabalhador tem de contribuir por at\u00e9 40 anos para se aposentar, os parlamentares, militares e o judici\u00e1rio continuar\u00e3o a usufruir de v\u00e1rios privil\u00e9gios. Afinal, a Reforma da Previd\u00eancia \u00e9 boa pra quem? De que lado voc\u00ea est\u00e1?<\/p>\n<p>Confira o v\u00eddeo da Contraf-CUT:\u00a0https:\/\/www.youtube.com\/watch?v=1sIJcEvbQls<\/p>\n","protected":false},"excerpt":{"rendered":"<p>Enquanto o trabalhador tem de contribuir por at\u00e9 40 anos para se aposentar, os parlamentares, militares e o judici\u00e1rio continuar\u00e3o a usufruir de v\u00e1rios privil\u00e9gios. Afinal, a Reforma da Previd\u00eancia \u00e9 boa pra quem? De que lado voc\u00ea est\u00e1? Confira o v\u00eddeo da Contraf-CUT:\u00a0https:\/\/www.youtube.com\/watch?v=1sIJcEvbQls<\/p>\n","protected":false},"author":2,"featured_media":3689,"comment_status":"","ping_status":"","sticky":false,"template":"","format":"standard","meta":{"footnotes":""},"categories":[3],"tags":[],"class_list":["post-3690","post","type-post","status-publish","format-standard","has-post-thumbnail","hentry","category-noticias"],"_links":{"self":[{"href":"https:\/\/hostnetart.com.br\/baixada\/wp-json\/wp\/v2\/posts\/3690","targetHints":{"allow":["GET"]}}],"collection":[{"href":"https:\/\/hostnetart.com.br\/baixada\/wp-json\/wp\/v2\/posts"}],"about":[{"href":"https:\/\/hostnetart.com.br\/baixada\/wp-json\/wp\/v2\/types\/post"}],"author":[{"embeddable":true,"href":"https:\/\/hostnetart.com.br\/baixada\/wp-json\/wp\/v2\/users\/2"}],"replies":[{"embeddable":true,"href":"https:\/\/hostnetart.com.br\/baixada\/wp-json\/wp\/v2\/comments?post=3690"}],"version-history":[{"count":0,"href":"https:\/\/hostnetart.com.br\/baixada\/wp-json\/wp\/v2\/posts\/3690\/revisions"}],"wp:featuredmedia":[{"embeddable":true,"href":"https:\/\/hostnetart.com.br\/baixada\/wp-json\/wp\/v2\/media\/3689"}],"wp:attachment":[{"href":"https:\/\/hostnetart.com.br\/baixada\/wp-json\/wp\/v2\/media?parent=3690"}],"wp:term":[{"taxonomy":"category","embeddable":true,"href":"https:\/\/hostnetart.com.br\/baixada\/wp-json\/wp\/v2\/categories?post=3690"},{"taxonomy":"post_tag","embeddable":true,"href":"https:\/\/hostnetart.com.br\/baixada\/wp-json\/wp\/v2\/tags?post=3690"}],"curies":[{"name":"wp","href":"https:\/\/api.w.org\/{rel}","templated":true}]}}