{"id":3686,"date":"2018-01-23T13:34:35","date_gmt":"2018-01-23T15:34:35","guid":{"rendered":"https:\/\/hostnetart.com.br\/baixada\/bancarios-de-todo-o-brasil-realizam-dia-nacional-de-luta-em-defesa-do-bb\/"},"modified":"2018-01-23T13:34:35","modified_gmt":"2018-01-23T15:34:35","slug":"bancarios-de-todo-o-brasil-realizam-dia-nacional-de-luta-em-defesa-do-bb","status":"publish","type":"post","link":"https:\/\/hostnetart.com.br\/baixada\/bancarios-de-todo-o-brasil-realizam-dia-nacional-de-luta-em-defesa-do-bb\/","title":{"rendered":"Banc\u00e1rios de todo o Brasil realizam Dia Nacional de Luta em defesa do BB"},"content":{"rendered":"<div class=\"content\">\n<p>Banc\u00e1rios de todo o pa\u00eds realizaram, nesta sexta-feira (19), o Dia Nacional de Luta em defesa do Banco do Brasil. Promovido pela Confedera\u00e7\u00e3o Nacional dos Trabalhadores do Ramo Financeiro (Contraf-CUT), federa\u00e7\u00f5es e sindicatos, o dia foi marcado por protestos contra as reestrutura\u00e7\u00f5es impostas pelo banco e que prejudicam os funcion\u00e1rios.<\/p>\n<p>Com grande ades\u00e3o de trabalhadores, os atos se concentraram em frente a v\u00e1rias ag\u00eancias do banco e retardaram o funcionamento em 1 hora. Os funcion\u00e1rios criticaram as mudan\u00e7as e reivindicaram pela manuten\u00e7\u00e3o de seus cargos e sal\u00e1rios.<\/p>\n<p>Confira as atividades pelo Brasil:<\/p>\n<p><a href=\"http:\/\/www.contrafcut.org.br\/noticias\/bancarios-de-ms-se-mobilizam-no-dia-nacional-de-luta-contra-as-reestruturacoes-d-2c0e\">Banc\u00e1rios de MS se mobilizam no Dia Nacional de Luta contra as reestrutura\u00e7\u00f5es do Banco do Brasil<\/a><\/p>\n<p><a href=\"http:\/\/www.contrafcut.org.br\/noticias\/seeb-bh-realiza-ato-contra-a-reestruturacao-do-bb-em-dia-nacional-de-luta-881a\">Seeb BH realiza ato contra a reestrutura\u00e7\u00e3o do BB em Dia Nacional de Luta<\/a><\/p>\n<p><a href=\"http:\/\/www.contrafcut.org.br\/noticias\/es-sindicato-paralisa-agencias-do-bb-contra-nova-reestruturacao-b165\">ES: Sindicato paralisa ag\u00eancias do BB contra nova reestrutura\u00e7\u00e3o<\/a><\/p>\n<p><a href=\"http:\/\/www.contrafcut.org.br\/noticias\/bancarios-de-chapeco-fazem-ato-contra-o-desmonte-do-bb-571f\">Banc\u00e1rios de Chapec\u00f3 fazem ato contra o desmonte do BB<\/a><\/p>\n<\/div>\n<p id=\"page-author\"><span style=\"text-decoration: underline;\"><em><strong>Fonte: Contraf-CUT<\/strong><\/em><\/span><\/p>\n","protected":false},"excerpt":{"rendered":"<p>Banc\u00e1rios de todo o pa\u00eds realizaram, nesta sexta-feira (19), o Dia Nacional de Luta em defesa do Banco do Brasil. Promovido pela Confedera\u00e7\u00e3o Nacional dos Trabalhadores do Ramo Financeiro (Contraf-CUT), federa\u00e7\u00f5es e sindicatos, o dia foi marcado por protestos contra as reestrutura\u00e7\u00f5es impostas pelo banco e que prejudicam os funcion\u00e1rios. Com grande ades\u00e3o de trabalhadores, [&hellip;]<\/p>\n","protected":false},"author":2,"featured_media":3685,"comment_status":"","ping_status":"","sticky":false,"template":"","format":"standard","meta":{"footnotes":""},"categories":[3],"tags":[],"class_list":["post-3686","post","type-post","status-publish","format-standard","has-post-thumbnail","hentry","category-noticias"],"_links":{"self":[{"href":"https:\/\/hostnetart.com.br\/baixada\/wp-json\/wp\/v2\/posts\/3686","targetHints":{"allow":["GET"]}}],"collection":[{"href":"https:\/\/hostnetart.com.br\/baixada\/wp-json\/wp\/v2\/posts"}],"about":[{"href":"https:\/\/hostnetart.com.br\/baixada\/wp-json\/wp\/v2\/types\/post"}],"author":[{"embeddable":true,"href":"https:\/\/hostnetart.com.br\/baixada\/wp-json\/wp\/v2\/users\/2"}],"replies":[{"embeddable":true,"href":"https:\/\/hostnetart.com.br\/baixada\/wp-json\/wp\/v2\/comments?post=3686"}],"version-history":[{"count":0,"href":"https:\/\/hostnetart.com.br\/baixada\/wp-json\/wp\/v2\/posts\/3686\/revisions"}],"wp:featuredmedia":[{"embeddable":true,"href":"https:\/\/hostnetart.com.br\/baixada\/wp-json\/wp\/v2\/media\/3685"}],"wp:attachment":[{"href":"https:\/\/hostnetart.com.br\/baixada\/wp-json\/wp\/v2\/media?parent=3686"}],"wp:term":[{"taxonomy":"category","embeddable":true,"href":"https:\/\/hostnetart.com.br\/baixada\/wp-json\/wp\/v2\/categories?post=3686"},{"taxonomy":"post_tag","embeddable":true,"href":"https:\/\/hostnetart.com.br\/baixada\/wp-json\/wp\/v2\/tags?post=3686"}],"curies":[{"name":"wp","href":"https:\/\/api.w.org\/{rel}","templated":true}]}}