{"id":3677,"date":"2018-01-19T20:28:14","date_gmt":"2018-01-19T22:28:14","guid":{"rendered":"https:\/\/hostnetart.com.br\/baixada\/contraf-cut-envia-comunicado-contra-os-ataques-a-caixa\/"},"modified":"2018-01-19T20:28:14","modified_gmt":"2018-01-19T22:28:14","slug":"contraf-cut-envia-comunicado-contra-os-ataques-a-caixa","status":"publish","type":"post","link":"https:\/\/hostnetart.com.br\/baixada\/contraf-cut-envia-comunicado-contra-os-ataques-a-caixa\/","title":{"rendered":"Contraf-CUT envia comunicado contra os ataques \u00e0 Caixa"},"content":{"rendered":"<div class=\"content\">\n<p>A Confedera\u00e7\u00e3o Nacional dos Trabalhadores do Ramo Financeiro (Contraf-CUT) enviou, nesta sexta-feira (19), um comunicado para orientar as entidades sindicais contra os ataques \u00e0 Caixa Econ\u00f4mica Federal.<\/p>\n<p>De acordo com a Comiss\u00e3o Executiva dos Empregados da Caixa (CEE\/Caixa), o governo Temer, a servi\u00e7o do capital financeiro, coloca em pr\u00e1tica a pol\u00edtica de desmonte do banco p\u00fablico e esconde a import\u00e2ncia da Caixa para o desenvolvimento socioecon\u00f4mico do pa\u00eds, assim como seu papel de financiadora de pol\u00edticas p\u00fablicas\u00a0para atender \u00e0 toda popula\u00e7\u00e3o em especial a mais pobre.<\/p>\n<p>Para ter acesso ao comunicado, acesse a \u00e1rea restrita do site da Contraf-CUT.<\/p>\n<\/div>\n<p id=\"page-author\"><strong>Fonte: Contraf-CUT<\/strong><\/p>\n","protected":false},"excerpt":{"rendered":"<p>A Confedera\u00e7\u00e3o Nacional dos Trabalhadores do Ramo Financeiro (Contraf-CUT) enviou, nesta sexta-feira (19), um comunicado para orientar as entidades sindicais contra os ataques \u00e0 Caixa Econ\u00f4mica Federal. De acordo com a Comiss\u00e3o Executiva dos Empregados da Caixa (CEE\/Caixa), o governo Temer, a servi\u00e7o do capital financeiro, coloca em pr\u00e1tica a pol\u00edtica de desmonte do banco [&hellip;]<\/p>\n","protected":false},"author":2,"featured_media":3676,"comment_status":"","ping_status":"","sticky":false,"template":"","format":"standard","meta":{"footnotes":""},"categories":[3],"tags":[],"class_list":["post-3677","post","type-post","status-publish","format-standard","has-post-thumbnail","hentry","category-noticias"],"_links":{"self":[{"href":"https:\/\/hostnetart.com.br\/baixada\/wp-json\/wp\/v2\/posts\/3677","targetHints":{"allow":["GET"]}}],"collection":[{"href":"https:\/\/hostnetart.com.br\/baixada\/wp-json\/wp\/v2\/posts"}],"about":[{"href":"https:\/\/hostnetart.com.br\/baixada\/wp-json\/wp\/v2\/types\/post"}],"author":[{"embeddable":true,"href":"https:\/\/hostnetart.com.br\/baixada\/wp-json\/wp\/v2\/users\/2"}],"replies":[{"embeddable":true,"href":"https:\/\/hostnetart.com.br\/baixada\/wp-json\/wp\/v2\/comments?post=3677"}],"version-history":[{"count":0,"href":"https:\/\/hostnetart.com.br\/baixada\/wp-json\/wp\/v2\/posts\/3677\/revisions"}],"wp:featuredmedia":[{"embeddable":true,"href":"https:\/\/hostnetart.com.br\/baixada\/wp-json\/wp\/v2\/media\/3676"}],"wp:attachment":[{"href":"https:\/\/hostnetart.com.br\/baixada\/wp-json\/wp\/v2\/media?parent=3677"}],"wp:term":[{"taxonomy":"category","embeddable":true,"href":"https:\/\/hostnetart.com.br\/baixada\/wp-json\/wp\/v2\/categories?post=3677"},{"taxonomy":"post_tag","embeddable":true,"href":"https:\/\/hostnetart.com.br\/baixada\/wp-json\/wp\/v2\/tags?post=3677"}],"curies":[{"name":"wp","href":"https:\/\/api.w.org\/{rel}","templated":true}]}}