{"id":3673,"date":"2018-01-19T20:25:44","date_gmt":"2018-01-19T22:25:44","guid":{"rendered":"https:\/\/hostnetart.com.br\/baixada\/caixa-ataques-e-contra-ataques\/"},"modified":"2018-01-19T20:25:44","modified_gmt":"2018-01-19T22:25:44","slug":"caixa-ataques-e-contra-ataques","status":"publish","type":"post","link":"https:\/\/hostnetart.com.br\/baixada\/caixa-ataques-e-contra-ataques\/","title":{"rendered":"Caixa: Ataques e contra-ataques"},"content":{"rendered":"<div class=\"content\">\n<p>A Federa\u00e7\u00e3o Nacional das Associa\u00e7\u00f5es de Empregados da Caixa (Fenae) publicou na quinta-feira (18) um texto observando que, nos \u00faltimos meses, temos visto uma intensifica\u00e7\u00e3o dos ataques dirigidos \u00e0 Caixa Econ\u00f4mica Federal e \u00e0 sua manuten\u00e7\u00e3o como empresa 100% p\u00fablica.<\/p>\n<p>O governo Temer, que coloca em pr\u00e1tica um projeto que foi derrotado nas elei\u00e7\u00f5es, promove um verdadeiro desmonte do banco, que se exprime por meio do fechamento de ag\u00eancias \u201cn\u00e3o lucrativas\u201d (geralmente localizadas nas periferias das grandes metr\u00f3poles, em cidades pequenas ou regi\u00f5es com menor desenvolvimento socioecon\u00f4mico), e pela redu\u00e7\u00e3o do quadro de funcion\u00e1rios, mas, principalmente pela mudan\u00e7a de perfil de atua\u00e7\u00e3o do banco: redu\u00e7\u00e3o de recursos destinados ao financiamento habitacional voltado para a popula\u00e7\u00e3o de baixa renda, redu\u00e7\u00e3o dos financiamentos de obras de infraestrutura de saneamento b\u00e1sico de \u00e1gua e esgoto, seguran\u00e7a e transporte, al\u00e9m de projetos educacionais, como o Fies (Financiamento Estudantil).<\/p>\n<p>O governo esconde a import\u00e2ncia da Caixa para o desenvolvimento socioecon\u00f4mico do pa\u00eds, assim como seu papel de financiadora de pol\u00edticas p\u00fablicas voltadas para os mais pobres. As informa\u00e7\u00f5es difundidas visam criar a imagem da Caixa como um antro de corrup\u00e7\u00e3o, que serve apenas como \u201ccabide de empregos\u201d. O governo usa seu poder para manipular a m\u00eddia e tentar jogar a popula\u00e7\u00e3o contra os empregados e suas entidades representativas, acusando-os de serem \u201cprivilegiados\u201d e de estarem defendendo interesses pr\u00f3prios.<\/p>\n<p>Como vimos acima, essa luta n\u00e3o \u00e9 em defesa de \u201cprivil\u00e9gios\u201d, tampouco atinge somente os empregados. A imagem que o governo transmite n\u00e3o \u00e9 verdadeira. A Caixa tem seus mecanismos para apurar e punir poss\u00edveis casos de desvio de conduta de seus empregados, que, em quase sua totalidade, ocupam seus cargos por terem sido aprovados em concursos p\u00fablicos.<\/p>\n<p>O desmonte e os ataques do governo t\u00eam o claro objetivo de tornar o banco obsoleto ao deixar bairros e cidades inteiras sem atendimento, ou com servi\u00e7os banc\u00e1rios prec\u00e1rios. Al\u00e9m de tornar a Caixa in\u00fatil para a sociedade, uma vez que a mesma n\u00e3o tem recursos para financiar aquilo que a popula\u00e7\u00e3o precisa.<\/p>\n<p>Assim, o povo brasileiro \u00e9 o principal prejudicado por essa pol\u00edtica do governo Temer, seguida \u00e0 risca pela gest\u00e3o do banco. Os beneficiados s\u00e3o os bancos privados, que j\u00e1 arrancam muito dinheiro do nosso povo e ocupar\u00e3o o espa\u00e7o no mercado financeiro hoje ocupado pela Caixa. Claro, cobrando tarifas, taxas e juros muito mais altos do que os que s\u00e3o (ou eram) cobrados pela Caixa.<\/p>\n<p>\u00c9 por isso que a Confedera\u00e7\u00e3o Nacional dos Trabalhadores do Ramo Financeiro (Contraf-CUT) n\u00e3o apenas endossa o texto da Fenae, como se junta a ela na convoca\u00e7\u00e3o para que todos os empregados defendam a Caixa 100% p\u00fablica e para que toda a popula\u00e7\u00e3o brasileira se junte \u00e0 esta luta em defesa da Caixa como instrumento de financiamento de pol\u00edticas sociais voltadas \u00e0 popula\u00e7\u00e3o de baixa renda e ao desenvolvimento socioecon\u00f4mico do Brasil.<\/p>\n<p><strong>Confedera\u00e7\u00e3o Nacional dos Trabalhadores do Ramo Financeiro (Contraf-CUT)<\/strong><\/p>\n<p>Leia abaixo \u00edntegra do texto da Fenae<\/p>\n<p><strong>\u201cDen\u00fancias contra gestores da Caixa devem ser investigadas, mas banco precisa permanecer 100% p\u00fablico<\/strong><\/p>\n<p><em>Governo Michel Temer se aproveita da situa\u00e7\u00e3o para mais uma vez atacar o patrim\u00f4nio p\u00fablico. No caso da Caixa, ao inv\u00e9s de proteg\u00ea-la de corrup\u00e7\u00e3o e gest\u00e3o temer\u00e1ria, processo visa diminuir o peso do setor p\u00fablico na gest\u00e3o das pol\u00edticas para fomentar o desenvolvimento econ\u00f4mico e social do pa\u00eds<\/em><\/p>\n<p>A Caixa Econ\u00f4mica Federal \u00e9 um banco p\u00fablico e est\u00e1 presente na vida de todo o povo brasileiro. Sua maior marca, desde que foi criada em 1861, \u00e9 o compromisso com cada cidad\u00e3o deste pa\u00eds, notadamente com o segmento mais pobre da popula\u00e7\u00e3o.<\/p>\n<p>Como principal parceira do governo federal, a Caixa tem papel fundamental na pol\u00edtica de inclus\u00e3o social. Financia a\u00e7\u00f5es como moradia, saneamento b\u00e1sico (\u00e1gua e esgoto), obras p\u00fablicas, educa\u00e7\u00e3o e presta\u00e7\u00e3o de servi\u00e7os, contribuindo assim para melhorar a vida das pessoas.<\/p>\n<p>Esse cotidiano de atua\u00e7\u00e3o, t\u00edpico de um banco 100% p\u00fablico, foi mais uma vez objeto de ataques recentes por parte do governo ileg\u00edtimo de Michel Temer. \u00c9 que, em face das den\u00fancias de corrup\u00e7\u00e3o praticadas por gestores da empresa, investigados por \u201cgest\u00e3o temer\u00e1ria\u201d em opera\u00e7\u00f5es da Pol\u00edcia Federal, conforme not\u00edcias veiculadas nesta semana pela grande m\u00eddia, o Minist\u00e9rio da Fazenda se aproveitou da situa\u00e7\u00e3o para mirar na dilapida\u00e7\u00e3o do patrim\u00f4nio p\u00fablico.<\/p>\n<p>Diante disso, a Fenae reitera o apoio \u00e0 apura\u00e7\u00e3o das den\u00fancias, tendo claro que esse trabalho precisa ser conduzido em qualquer empresa p\u00fablica, n\u00e3o devendo, sob qualquer hip\u00f3tese, ser utilizado para fins alheios ao interesse p\u00fablico. Nesse caso, ali\u00e1s, o pleno direito de defesa precisa ser oferecido aos denunciados, mas a investiga\u00e7\u00e3o tem que ser feita, at\u00e9 para preservar o car\u00e1ter 100% p\u00fablico do banco.<\/p>\n<p>O prop\u00f3sito do governo federal \u00e9 o de sempre: acabar com o cr\u00e9dito direcionado, a exemplo do financiamento p\u00fablico \u00e0 habita\u00e7\u00e3o (apenas a Caixa responde por 68,1% da carteira imobili\u00e1ria dispon\u00edvel no pa\u00eds), para favorecer o sistema financeiro privado. Tudo isto \u00e9 feito para criar d\u00favidas junto \u00e0 opini\u00e3o p\u00fablica sobre a governabilidade e a integralidade de gest\u00e3o da Caixa. Chantagem com este objetivo tem sido utilizada pelo governo federal na busca de apoio para a famigerada reforma da Previd\u00eancia, como ocorreu na suposta libera\u00e7\u00e3o de cr\u00e9dito para parlamentares e governadores, por iniciativa do ministro Carlos Marun (Secretaria de Governo).<\/p>\n<p>A pauta privatista est\u00e1 em curso e representa o resgate de propostas de enfraquecimento da empresa p\u00fablica. A consequ\u00eancia direta e previs\u00edvel disso \u00e9 a transfer\u00eancia para bancos privados de opera\u00e7\u00f5es lucrativas, ficando reservada \u00e0 Caixa apenas aquelas atividades que n\u00e3o d\u00e3o retorno e n\u00e3o interessam \u00e0 iniciativa privada.<\/p>\n<p>Nessa perspectiva, a Fenae e outras entidades representativas lutam para que a Caixa permane\u00e7a como um banco 100% p\u00fablico, comprometido integralmente com a execu\u00e7\u00e3o das pol\u00edticas sociais de interesse da popula\u00e7\u00e3o brasileira, a exemplo do programa Minha Casa, Minha Vida e de a\u00e7\u00f5es na \u00e1rea de desenvolvimento urbano. Esse esp\u00edrito est\u00e1 manifestado na campanha \u201cDefenda a Caixa voc\u00ea tamb\u00e9m\u201d, lan\u00e7ada em 3 de outubro do ano passado, para reafirmar que o banco precisa continuar \u00e0 frente do desenvolvimento econ\u00f4mico e social do Brasil.<\/p>\n<p>\u201cA pol\u00edtica de desmonte adotada pelo governo \u00e9 um problema que n\u00e3o afeta somente os trabalhadores da Caixa, mas todos os brasileiros. Em 157 anos de exist\u00eancia, comemorados no \u00faltimo dia 12 de janeiro, o banco financiou a habita\u00e7\u00e3o, obras de infraestrutura, projetos de gera\u00e7\u00e3o de renda, pol\u00edticas sociais, al\u00e9m de cr\u00e9dito com juros mais baixos. N\u00e3o podemos aceitar que o governo restrinja a atua\u00e7\u00e3o da empresa privilegiando interesses privados\u201d, destaca o presidente da Fenae, Jair Pedro Ferreira.<\/p>\n<p>Ele diz ser necess\u00e1rio levar adiante a luta pela Caixa 100% p\u00fablica e pela retomada do Estado Democr\u00e1tico de Direito. \u201cA sanha da corrup\u00e7\u00e3o e da privatiza\u00e7\u00e3o andam lado a lado no processo de desmonte do patrim\u00f4nio p\u00fablico. Nesse sentido, a mobiliza\u00e7\u00e3o em defesa do banco p\u00fablico deve vir acompanhada de uma pol\u00edtica de valoriza\u00e7\u00e3o dos empregados\u201d, conclui o presidente da Fenae.\u201d<\/p>\n<\/div>\n<p id=\"page-author\"><span style=\"text-decoration: underline;\"><em><strong>Fonte: Contraf-CUT<\/strong><\/em><\/span><\/p>\n","protected":false},"excerpt":{"rendered":"<p>A Federa\u00e7\u00e3o Nacional das Associa\u00e7\u00f5es de Empregados da Caixa (Fenae) publicou na quinta-feira (18) um texto observando que, nos \u00faltimos meses, temos visto uma intensifica\u00e7\u00e3o dos ataques dirigidos \u00e0 Caixa Econ\u00f4mica Federal e \u00e0 sua manuten\u00e7\u00e3o como empresa 100% p\u00fablica. O governo Temer, que coloca em pr\u00e1tica um projeto que foi derrotado nas elei\u00e7\u00f5es, promove [&hellip;]<\/p>\n","protected":false},"author":2,"featured_media":3672,"comment_status":"","ping_status":"","sticky":false,"template":"","format":"standard","meta":{"footnotes":""},"categories":[3],"tags":[],"class_list":["post-3673","post","type-post","status-publish","format-standard","has-post-thumbnail","hentry","category-noticias"],"_links":{"self":[{"href":"https:\/\/hostnetart.com.br\/baixada\/wp-json\/wp\/v2\/posts\/3673","targetHints":{"allow":["GET"]}}],"collection":[{"href":"https:\/\/hostnetart.com.br\/baixada\/wp-json\/wp\/v2\/posts"}],"about":[{"href":"https:\/\/hostnetart.com.br\/baixada\/wp-json\/wp\/v2\/types\/post"}],"author":[{"embeddable":true,"href":"https:\/\/hostnetart.com.br\/baixada\/wp-json\/wp\/v2\/users\/2"}],"replies":[{"embeddable":true,"href":"https:\/\/hostnetart.com.br\/baixada\/wp-json\/wp\/v2\/comments?post=3673"}],"version-history":[{"count":0,"href":"https:\/\/hostnetart.com.br\/baixada\/wp-json\/wp\/v2\/posts\/3673\/revisions"}],"wp:featuredmedia":[{"embeddable":true,"href":"https:\/\/hostnetart.com.br\/baixada\/wp-json\/wp\/v2\/media\/3672"}],"wp:attachment":[{"href":"https:\/\/hostnetart.com.br\/baixada\/wp-json\/wp\/v2\/media?parent=3673"}],"wp:term":[{"taxonomy":"category","embeddable":true,"href":"https:\/\/hostnetart.com.br\/baixada\/wp-json\/wp\/v2\/categories?post=3673"},{"taxonomy":"post_tag","embeddable":true,"href":"https:\/\/hostnetart.com.br\/baixada\/wp-json\/wp\/v2\/tags?post=3673"}],"curies":[{"name":"wp","href":"https:\/\/api.w.org\/{rel}","templated":true}]}}