{"id":3669,"date":"2018-01-19T12:32:29","date_gmt":"2018-01-19T14:32:29","guid":{"rendered":"https:\/\/hostnetart.com.br\/baixada\/na-surdina-temer-promove-ataques-contra-previdencia\/"},"modified":"2018-01-19T12:32:29","modified_gmt":"2018-01-19T14:32:29","slug":"na-surdina-temer-promove-ataques-contra-previdencia","status":"publish","type":"post","link":"https:\/\/hostnetart.com.br\/baixada\/na-surdina-temer-promove-ataques-contra-previdencia\/","title":{"rendered":"Na surdina, Temer promove ataques contra Previd\u00eancia"},"content":{"rendered":"<div class=\"content\">\n<p>Ao inv\u00e9s de cobrar os grandes devedores da Previd\u00eancia Social, mais uma vez o governo Temer pretende economizar \u00e0 custa da popula\u00e7\u00e3o. Ap\u00f3s <ins><strong><a href=\"http:\/\/spbancarios.com.br\/03\/2017\/mp-de-temer-aprofunda-desmonte-da-previdencia\" target=\"_blank\" rel=\"noopener noreferrer\">cancelar os benef\u00edcios de mais de 200 mil pessoas<\/a><\/strong><\/ins> doentes ou que ainda se encontravam em tratamento m\u00e9dico, a gest\u00e3o federal tomou novas medidas que prejudicar\u00e3o os acidentados e adoecidos.<\/p>\n<p>Em novembro do ano passado, o governo publicou no <em>Di\u00e1rio Oficial da Uni\u00e3o<\/em> <strong><ins><a href=\"http:\/\/sislex.previdencia.gov.br\/paginas\/38\/INSS-PRES\/2017\/90.htm\" target=\"_blank\" rel=\"noopener noreferrer\">a Instru\u00e7\u00e3o Normativa 90<\/a><\/ins><\/strong>, que na pr\u00e1tica limita o tempo de afastamento pago pelo INSS a no m\u00e1ximo dois meses. Al\u00e9m disso, est\u00e1 prevista para ser votada em fevereiro a Proposta de Emenda Constitucional 287, a chamada reforma da Previd\u00eancia.<\/p>\n<p><strong>\u00a0 \u00a0 \u00a0&gt;<\/strong> <strong><ins><a href=\"http:\/\/spbancarios.com.br\/cartilha-previdencia\" target=\"_blank\" rel=\"noopener noreferrer\">Cartilha mostra que n\u00e3o h\u00e1 rombo na Previd\u00eancia<\/a><\/ins><\/strong><br \/><strong>\u00a0 \u00a0 \u00a0&gt;<\/strong> <strong><ins><a href=\"https:\/\/napressao.org.br\/\" target=\"_blank\" rel=\"noopener noreferrer\">Pressione deputados a votarem contra a reforma da Previd\u00eancia<\/a><\/ins><\/strong><\/p>\n<p>\u201cA rotina massacrante dos bancos, onde a cobran\u00e7a abusiva por metas inating\u00edveis causa adoecimentos, obriga muitos banc\u00e1rios a se afastarem do trabalho, particularmente por transtornos ps\u00edquicos e LER\/Dort. E dificilmente a recupera\u00e7\u00e3o ocorre em apenas um m\u00eas\u201d, ressalta Marta Soares, secret\u00e1ria executiva do Sindicato dos Banc\u00e1rios de S\u00e3o Paulo, Osasco e Regi\u00e3o.<\/p>\n<p>Por essa raz\u00e3o, \u00e9 comum que o banc\u00e1rio afastado ingresse com pedido de prorroga\u00e7\u00e3o, que deve ser feito at\u00e9 15 dias antes da cessa\u00e7\u00e3o previamente determinada do benef\u00edcio.<\/p>\n<p><strong>Armadilha<\/strong><br \/> O trabalhador ficar\u00e1 impedido de passar por per\u00edcia caso o procedimento seja agendado 30 dias ap\u00f3s o pedido de prorroga\u00e7\u00e3o. Com isso, o benef\u00edcio ser\u00e1 automaticamente prorrogado por mais 30 dias. Mas aten\u00e7\u00e3o: o que parece bom, na verdade \u00e9 uma armadilha, pois impedir\u00e1 que o segurado pe\u00e7a outra prorroga\u00e7\u00e3o. Dessa forma, o trabalhador ter\u00e1 apenas 60 dias de prazo para se recuperar de doen\u00e7as ocupacionais como depress\u00f5es, ansiedades, s\u00edndromes do p\u00e2nico, tendinites, tenossinovites, cervicobraquialgias etc.<\/p>\n<p>\u201cMesmo sem estar recuperado, o trabalhador vai ter de voltar a trabalhar, porque o benef\u00edcio ser\u00e1 cessado ap\u00f3s esse prazo. Caso ele opte por pedir prorroga\u00e7\u00e3o, mesmo sem a garantia de pagamento e no dia da per\u00edcia for considerado apto para trabalho, perde todos os dias ou meses que esperou para ser periciado\u201d, explica a m\u00e9dica pesquisadora da Fundacentro Maria Maeno.<\/p>\n<p><strong>Demiss\u00e3o facilitada<\/strong><br \/> Outro retrocesso da nova portaria determina que o trabalhador pode pedir para retornar ao trabalho sem passar por per\u00edcia.<\/p>\n<p>\u201cDiante das incertezas de pagamento \u2013 que depende das per\u00edcias agendadas com prazos cada vez mais longos \u2013, a previs\u00e3o \u00e9 a de que muitos trabalhadores poder\u00e3o optar por voltar a trabalhar mesmo doentes, o que pode contribuir para o agravamento do quadro cl\u00ednico\u201d, avalia Maeno. \u201cEssa mudan\u00e7a facilitar\u00e1 a demiss\u00e3o ap\u00f3s o retorno\u201d.<\/p>\n<p>Problemas e doen\u00e7as s\u00e3o reais entre os banc\u00e1rios<br \/> O SPBanc\u00e1rios mant\u00e9m, ainda, parceria com os Centros de Refer\u00eancia em Sa\u00fade do Trabalhador da Secretaria Municipal de S\u00e3o Paulo (CRST). \u201cIsso mostrou que quase todos os casos que nos procuram s\u00e3o realmente de banc\u00e1rios com doen\u00e7as do trabalho, mas o INSS n\u00e3o reconhece todos os benef\u00edcios acident\u00e1rios\u201d, critica a m\u00e9dica.<\/p>\n<p>O ass\u00e9dio moral nos bancos j\u00e1 foi tema de campanha anual do Minist\u00e9rio P\u00fablico do Trabalho e <strong><ins><a href=\"http:\/\/spbancarios.com.br\/02\/2017\/adoecimento-mental-na-rotina-bancarios\" target=\"_blank\" rel=\"noopener noreferrer\">a categoria banc\u00e1ria figura nas primeiras posi\u00e7\u00f5es das estat\u00edsticas de doen\u00e7as do INSS<\/a><\/ins><\/strong>.<\/p>\n<p>\u201cA\u00e7\u00f5es coletivas do MPT vitoriosas contra os bancos, reconhecendo as pr\u00e1ticas de descumprimento das leis e que levam ao n\u00famero enorme de doen\u00e7as na categoria, tamb\u00e9m s\u00e3o uma prova de que o que denunciamos \u00e9 verdade\u201d, refor\u00e7a Marta.<\/p>\n<p><strong>Reforma da Previd\u00eancia j\u00e1 ocorre na surdina<\/strong><br \/> Enquanto o poder financeiro, por meio do terrorismo propagandeado pela imprensa comercial, pressiona o Congresso Nacional e tenta convencer a popula\u00e7\u00e3o sobre a necessidade da reforma da Previd\u00eancia, mudan\u00e7as j\u00e1 est\u00e3o ocorrendo de forma silenciosa.<\/p>\n<p><strong>\u00a0 \u00a0 \u00a0&gt;<\/strong> <strong><ins><a href=\"http:\/\/spbancarios.com.br\/12\/2017\/veja-o-que-o-governo-nao-conta-sobre-reforma-da-previdencia\" target=\"_blank\" rel=\"noopener noreferrer\">Veja o que o governo n\u00e3o conta sobre a reforma da Previd\u00eancia<\/a><\/ins><\/strong><\/p>\n<p>\u201cEssas mudan\u00e7as s\u00e3o parte do plano do governo Temer que pretende economizar dinheiro \u00e0 nossa custa, sem mexer um centavo nos grandes sal\u00e1rios e grandes devedores da Previd\u00eancia e ainda por cima continua livrando setores inteiros da economia de pagar impostos que financiam a Previd\u00eancia Social\u201d, critica a dirigente sindical.<\/p>\n<p>\u00a0\u00a0\u00a0\u00a0 <strong>&gt;<\/strong> <strong><ins><a href=\"http:\/\/www.redebrasilatual.com.br\/politica\/2017\/10\/manobra-do-governo-aprova-relatorio-de-mp-que-favorece-mercado-petrolifero-internacional\" target=\"_blank\" rel=\"noopener noreferrer\">MP de Temer prop\u00f5e ren\u00fancia de R$ 1 tri para favorecer petrol\u00edferas estrangeiras<\/a><\/ins><\/strong><\/p>\n<p>Segundo a Procuradoria Geral da Fazenda Nacional (PGFN), <strong><ins><a href=\"http:\/\/admin.contrafcut.com.br\/system\/uploads\/ck\/files\/maioresdevedoresprevidencia.pdf\" target=\"_blank\" rel=\"noopener noreferrer\">a d\u00edvida das empresas com a Previd\u00eancia atingiu R$ 426 bilh\u00f5es em 2016<\/a><\/ins><\/strong> e equivale a quase tr\u00eas vezes o alegado d\u00e9ficit da Previd\u00eancia no mesmo ano (calculado pelo governo em R$ 151,9 bilh\u00f5es).<\/p>\n<p>\u201cV\u00e1rios bancos est\u00e3o entre os maiores devedores do pa\u00eds e ir\u00e3o lucrar ainda mais com o v\u00e1cuo que ser\u00e1 formado por meio da cria\u00e7\u00e3o de dificuldades para se aposentar ou com o fim das coberturas do INSS\u201d, acrescenta a dirigente.<\/p>\n<p>\u00a0\u00a0\u00a0\u00a0 <strong>&gt;<\/strong> <ins><strong><a href=\"http:\/\/spbancarios.com.br\/02\/2017\/quem-bancou-o-relator-da-reforma-da-previdencia\">Quem bancou o relator da reforma da Previd\u00eancia<\/a><\/strong><\/ins><\/p>\n<p><strong>O que j\u00e1 estamos fazendo<\/strong><br \/> A luta por condi\u00e7\u00f5es de trabalho dignas sempre esteve na pauta de negocia\u00e7\u00f5es do movimento sindical, que sempre buscou defender os trabalhadores tamb\u00e9m junto \u00e0 Previd\u00eancia e ao INSS. Fruto dessa luta, que conta sempre com todos da categoria, foi conquistado o direito \u00e0 antecipa\u00e7\u00e3o salarial at\u00e9 a per\u00edcia, ao sal\u00e1rio emergencial, se o INSS cessar o benef\u00edcio dos banc\u00e1rios sem condi\u00e7\u00f5es de voltar ao trabalho. O acordo coletivo dos banc\u00e1rios cont\u00e9m essa e v\u00e1rias cl\u00e1usulas que asseguram direitos e garantias. <strong><ins><a href=\"http:\/\/www.contrafcut.org.br\/convencoes\/31c18b00528a135db4eb852d0cf5ad00\/download\">Conhe\u00e7a e divulgue<\/a><\/ins><\/strong>.<\/p>\n<p><strong>Juntos podemos mais<\/strong><br \/> Diante da atual conjuntura pol\u00edtica, Marta refor\u00e7a que h\u00e1 apenas um jeito de impedir os ataques contra os direitos sociais e trabalhistas arduamente conquistados: a organiza\u00e7\u00e3o dos trabalhadores.<\/p>\n<p>\u201cPara o setor patronal e o poder econ\u00f4mico \u00e9 muito mais f\u00e1cil derrotar pessoas isoladas individualizadas e sem informa\u00e7\u00e3o. Os movimentos organizados e coletivos de trabalhadores em conjunto com os sindicatos, pelo contr\u00e1rio, t\u00eam muito mais chances de vit\u00f3ria. Por isso, as empresas s\u00e3o contra a organiza\u00e7\u00e3o dos trabalhadores\u201d, afirma Marta.<\/p>\n<p>\u201cSe as gera\u00e7\u00f5es anteriores n\u00e3o tivessem se organizado e lutado, as mulheres n\u00e3o teriam direito a voto, n\u00e3o ter\u00edamos direito a sal\u00e1rio m\u00ednimo, piso na categoria banc\u00e1ria, PLR, vale-refei\u00e7\u00e3o, vale alimenta\u00e7\u00e3o, aux\u00edlio-creche. \u00c9 fundamental lembrar desses exemplos\u201d, completa a dirigente. Em caso de desrespeito aos seus direitos, denuncie ao seu sindicato.<\/p>\n<\/div>\n<p id=\"page-author\"><span style=\"text-decoration: underline;\"><em><strong>Fonte: SPBanc\u00e1rios<\/strong><\/em><\/span><\/p>\n","protected":false},"excerpt":{"rendered":"<p>Ao inv\u00e9s de cobrar os grandes devedores da Previd\u00eancia Social, mais uma vez o governo Temer pretende economizar \u00e0 custa da popula\u00e7\u00e3o. Ap\u00f3s cancelar os benef\u00edcios de mais de 200 mil pessoas doentes ou que ainda se encontravam em tratamento m\u00e9dico, a gest\u00e3o federal tomou novas medidas que prejudicar\u00e3o os acidentados e adoecidos. Em novembro [&hellip;]<\/p>\n","protected":false},"author":2,"featured_media":3668,"comment_status":"","ping_status":"","sticky":false,"template":"","format":"standard","meta":{"footnotes":""},"categories":[3],"tags":[],"class_list":["post-3669","post","type-post","status-publish","format-standard","has-post-thumbnail","hentry","category-noticias"],"_links":{"self":[{"href":"https:\/\/hostnetart.com.br\/baixada\/wp-json\/wp\/v2\/posts\/3669","targetHints":{"allow":["GET"]}}],"collection":[{"href":"https:\/\/hostnetart.com.br\/baixada\/wp-json\/wp\/v2\/posts"}],"about":[{"href":"https:\/\/hostnetart.com.br\/baixada\/wp-json\/wp\/v2\/types\/post"}],"author":[{"embeddable":true,"href":"https:\/\/hostnetart.com.br\/baixada\/wp-json\/wp\/v2\/users\/2"}],"replies":[{"embeddable":true,"href":"https:\/\/hostnetart.com.br\/baixada\/wp-json\/wp\/v2\/comments?post=3669"}],"version-history":[{"count":0,"href":"https:\/\/hostnetart.com.br\/baixada\/wp-json\/wp\/v2\/posts\/3669\/revisions"}],"wp:featuredmedia":[{"embeddable":true,"href":"https:\/\/hostnetart.com.br\/baixada\/wp-json\/wp\/v2\/media\/3668"}],"wp:attachment":[{"href":"https:\/\/hostnetart.com.br\/baixada\/wp-json\/wp\/v2\/media?parent=3669"}],"wp:term":[{"taxonomy":"category","embeddable":true,"href":"https:\/\/hostnetart.com.br\/baixada\/wp-json\/wp\/v2\/categories?post=3669"},{"taxonomy":"post_tag","embeddable":true,"href":"https:\/\/hostnetart.com.br\/baixada\/wp-json\/wp\/v2\/tags?post=3669"}],"curies":[{"name":"wp","href":"https:\/\/api.w.org\/{rel}","templated":true}]}}