{"id":3667,"date":"2018-01-18T15:34:40","date_gmt":"2018-01-18T17:34:40","guid":{"rendered":"https:\/\/hostnetart.com.br\/baixada\/diap-ha-poucas-chances-de-mudancas-na-previdencia-serem-votadas\/"},"modified":"2018-01-18T15:34:40","modified_gmt":"2018-01-18T17:34:40","slug":"diap-ha-poucas-chances-de-mudancas-na-previdencia-serem-votadas","status":"publish","type":"post","link":"https:\/\/hostnetart.com.br\/baixada\/diap-ha-poucas-chances-de-mudancas-na-previdencia-serem-votadas\/","title":{"rendered":"Diap: h\u00e1 poucas chances de mudan\u00e7as na Previd\u00eancia serem votadas"},"content":{"rendered":"<div>\n<p><a class=\"external-link\" title=\"\" href=\"https:\/\/www.brasildefato.com.br\/2018\/01\/17\/diap-ha-poucos-chances-de-mudancas-na-previdencia-serem-votadas\/\" target=\"_blank\" rel=\"noopener noreferrer\">Brasil de Fato<\/a> \u2013 O presidente da C\u00e2mara dos Deputados, Rodrigo Maia (DEM-RJ), marcou para o dia 19 de fevereiro a vota\u00e7\u00e3o da chamada Reforma da Previd\u00eancia, que aumenta prazos e diminui benef\u00edcios relativos \u00e0 aposentadoria. Entretanto, para Ant\u00f4nio Augusto de Queiroz, diretor de Documenta\u00e7\u00e3o do Departamento Intersindical de Assessoria Parlamentar (Diap), as chances da quest\u00e3o ser novamente adiada s\u00e3o grandes.<\/p>\n<p>Mesmo com o hist\u00f3rico de adiamentos, as centrais sindicais debatem e se preparam para uma greve geral na data prevista para vota\u00e7\u00e3o. Segundo Queiroz, a mobiliza\u00e7\u00e3o das entidades de trabalhadores, aliada a outros fatores, torna \u201cmuito prov\u00e1vel\u201d que o governo seja mal-sucedido em sua agenda para a Previd\u00eancia.\u00a0<\/p>\n<p>\u201cNo retrato do momento, o governo n\u00e3o tem voto suficiente para aprovar essa mat\u00e9ria no Congresso. As chances s\u00e3o grandes de n\u00e3o se aprovar.\u00a0\u00a0A vota\u00e7\u00e3o n\u00e3o ser\u00e1 feita\u00a0e o governo s\u00f3 vai submeter ao voto com a garantia de aprovar\u201d, projeta Queiroz.\u00a0<\/p>\n<p>O diretor do Diap afirma que vota\u00e7\u00f5es pol\u00eamicas conduzidas pelo Planalto ampliaram a impopularidade dos congressistas junto \u00e0\u00a0popula\u00e7\u00e3o, o que os leva a resistir \u00e0 chamada Reforma da Previd\u00eancia. Entre tais vota\u00e7\u00f5es, destacou as den\u00fancias contra Temer, a reforma trabalhista, altera\u00e7\u00f5es nas regras do pr\u00e9-sal e a emenda constitucional que limita investimentos p\u00fablicos.\u00a0<\/p>\n<p>\u201cO governo est\u00e1 fazendo um esfor\u00e7o de votar antes do per\u00edodo eleitoral, para contar com a simpatia dos parlamentares. O problema \u00e9 que o desgaste dos parlamentares j\u00e1 foi t\u00e3o absurdo com as vota\u00e7\u00f5es anteriores, que n\u00e3o h\u00e1 hip\u00f3tese [nesse momento] de votarem a favor\u201d, analisa.\u00a0<\/p>\n<p>Enquanto o governo, nas palavras de Queiroz, faz uma \u201ccampanha mentirosa\u201d e realiza \u201cbarganhas n\u00e3o-republicanas\u201d em busca de apoio, o sindicalismo se movimenta tendo dia 19 de fevereiro em vista. Rodrigo Rodrigues, secret\u00e1rio-geral da Central \u00danica dos Trabalhadores do Distrito Federal (CUT-DF), afirma que a data ser\u00e1 marcada por protestos com ou sem decis\u00e3o final do Parlamento.\u00a0<\/p>\n<p>\u201cO governo tem adiado constantemente a vota\u00e7\u00e3o. N\u00f3s vamos continuar a mobiliza\u00e7\u00e3o, fazendo a den\u00fancia nas bases.\u00a0Independente disso, dia 19 foi marcado, ent\u00e3o, n\u00f3s miramos essa data como um dia de atos e protestos. A CUT tem uma decis\u00e3o de congresso feita ano passado que se resume na palavra de ordem &#8216;se colocar para votar o Brasil vai parar&#8217;. Se a decis\u00e3o do governo for de votar, n\u00f3s vamos chamar uma greve geral\u201d, diz.<\/p>\n<p>O Planalto vem utilizando diversos meios para angariar apoio. No final de 2017, admitiu que s\u00f3 liberaria recursos da Caixa Econ\u00f4mica Federal aos estados caso os governadores garantissem votos favor\u00e1veis de suas bancadas.<\/p>\n<\/div>\n","protected":false},"excerpt":{"rendered":"<p>Brasil de Fato \u2013 O presidente da C\u00e2mara dos Deputados, Rodrigo Maia (DEM-RJ), marcou para o dia 19 de fevereiro a vota\u00e7\u00e3o da chamada Reforma da Previd\u00eancia, que aumenta prazos e diminui benef\u00edcios relativos \u00e0 aposentadoria. Entretanto, para Ant\u00f4nio Augusto de Queiroz, diretor de Documenta\u00e7\u00e3o do Departamento Intersindical de Assessoria Parlamentar (Diap), as chances da [&hellip;]<\/p>\n","protected":false},"author":2,"featured_media":3666,"comment_status":"","ping_status":"","sticky":false,"template":"","format":"standard","meta":{"footnotes":""},"categories":[3],"tags":[],"class_list":["post-3667","post","type-post","status-publish","format-standard","has-post-thumbnail","hentry","category-noticias"],"_links":{"self":[{"href":"https:\/\/hostnetart.com.br\/baixada\/wp-json\/wp\/v2\/posts\/3667","targetHints":{"allow":["GET"]}}],"collection":[{"href":"https:\/\/hostnetart.com.br\/baixada\/wp-json\/wp\/v2\/posts"}],"about":[{"href":"https:\/\/hostnetart.com.br\/baixada\/wp-json\/wp\/v2\/types\/post"}],"author":[{"embeddable":true,"href":"https:\/\/hostnetart.com.br\/baixada\/wp-json\/wp\/v2\/users\/2"}],"replies":[{"embeddable":true,"href":"https:\/\/hostnetart.com.br\/baixada\/wp-json\/wp\/v2\/comments?post=3667"}],"version-history":[{"count":0,"href":"https:\/\/hostnetart.com.br\/baixada\/wp-json\/wp\/v2\/posts\/3667\/revisions"}],"wp:featuredmedia":[{"embeddable":true,"href":"https:\/\/hostnetart.com.br\/baixada\/wp-json\/wp\/v2\/media\/3666"}],"wp:attachment":[{"href":"https:\/\/hostnetart.com.br\/baixada\/wp-json\/wp\/v2\/media?parent=3667"}],"wp:term":[{"taxonomy":"category","embeddable":true,"href":"https:\/\/hostnetart.com.br\/baixada\/wp-json\/wp\/v2\/categories?post=3667"},{"taxonomy":"post_tag","embeddable":true,"href":"https:\/\/hostnetart.com.br\/baixada\/wp-json\/wp\/v2\/tags?post=3667"}],"curies":[{"name":"wp","href":"https:\/\/api.w.org\/{rel}","templated":true}]}}