{"id":3665,"date":"2018-01-18T15:33:20","date_gmt":"2018-01-18T17:33:20","guid":{"rendered":"https:\/\/hostnetart.com.br\/baixada\/bb-problema-na-verba-da-incorporacao-de-funcao-sera-corrigido\/"},"modified":"2018-01-18T15:33:20","modified_gmt":"2018-01-18T17:33:20","slug":"bb-problema-na-verba-da-incorporacao-de-funcao-sera-corrigido","status":"publish","type":"post","link":"https:\/\/hostnetart.com.br\/baixada\/bb-problema-na-verba-da-incorporacao-de-funcao-sera-corrigido\/","title":{"rendered":"BB: Problema na verba da incorpora\u00e7\u00e3o de fun\u00e7\u00e3o ser\u00e1 corrigido"},"content":{"rendered":"<div class=\"content\">\n<p>Uma falha no processamento da folha de pagamento de janeiro dos funcion\u00e1rios do Banco do Brasil fez com que a verba a verba 480, que incorpora a m\u00e9dia das comiss\u00f5es e gratifica\u00e7\u00f5es de fun\u00e7\u00e3o recebidas nos \u00faltimos 10 anos, n\u00e3o aparecesse nos contracheques.<\/p>\n<p>A Confedera\u00e7\u00e3o Nacional dos Trabalhadores do Ramo Financeiro (Contraf-CUT) entrou em contato com o banco, que disse que o problema foi detectado e ser\u00e1 corrigido at\u00e9 o dia 20. O Banco enviar\u00e1 mensagem aos funcion\u00e1rios envolvidos informando do acerto.<\/p>\n<p>Segundo Wagner Nascimento, coordenador da Comiss\u00e3o de Empresa dos Funcion\u00e1rios do BB (CEBB), centenas de funcion\u00e1rios do BB receberam no m\u00eas de dezembro a verba 480 devido uma decis\u00e3o liminar. \u201cN\u00e3o houve nenhuma altera\u00e7\u00e3o no processo e os casos n\u00e3o contemplados anteriormente ser\u00e3o questionados\u201d, disse Wagner.<\/p>\n<p><strong>Vit\u00f3ria liminar<\/strong><br \/> A incorpora\u00e7\u00e3o da verba aconteceu em car\u00e1ter provis\u00f3rio por liminar concedida, n\u00e3o tendo ainda decis\u00e3o definitiva A\u00e7\u00e3o Civil P\u00fablica n\u00ba <ins><strong><a href=\"https:\/\/pje.trt10.jus.br\/consultaprocessual\/pages\/consultas\/DetalhaProcesso.seam?p_num_pje=226050&amp;p_grau_pje=1&amp;popup=0&amp;dt_autuacao=&amp;cid=1010518\" target=\"_blank\" rel=\"noopener noreferrer\">0000695-06.2017.5.10.0017<\/a><\/strong><\/ins>.<\/p>\n<p><strong>Leia tamb\u00e9m:<\/strong><br \/> \u00a0\u00a0\u00a0\u00a0\u00a0<strong>&gt;<\/strong>\u00a0<a href=\"http:\/\/www.contrafcut.org.br\/noticias\/bb-vai-pagar-incorporacao-de-gratificacao-f8a6\" target=\"_blank\" rel=\"noopener noreferrer\"><ins><strong>BB vai pagar incorpora\u00e7\u00e3o de gratifica\u00e7\u00e3o<\/strong><\/ins><\/a><br \/> \u00a0\u00a0\u00a0\u00a0\u00a0<strong>&gt;<\/strong>\u00a0<ins><a href=\"http:\/\/www.contrafcut.org.br\/noticias\/contraf-cut-vence-banco-do-brasil-na-justica-por-comissoes-e-gratificacoes-receb-dbc9\" target=\"_blank\" rel=\"noopener noreferrer\"><strong>Contraf-CUT vence Banco do Brasil na justi\u00e7a por comiss\u00f5es e gratifica\u00e7\u00f5es recebidas por dez anos ou mais<\/strong><\/a><\/ins><br \/> \u00a0\u00a0\u00a0\u00a0\u00a0<strong>&gt;<\/strong>\u00a0<ins><a href=\"http:\/\/www.contrafcut.org.br\/noticias\/movimento-sindical-evita-descomissionamentos-no-bb-2cb6\" target=\"_blank\" rel=\"noopener noreferrer\"><strong>Movimento sindical evita descomissionamentos no BB<\/strong><\/a><\/ins><br \/> \u00a0\u00a0\u00a0\u00a0\u00a0<strong>&gt;<\/strong>\u00a0<ins><a href=\"http:\/\/www.contrafcut.org.br\/noticias\/contraf-cut-entra-com-acao-judicial-pela-incorporacao-de-funcao-no-bb-2627\/\" target=\"_blank\" rel=\"noopener noreferrer\"><strong>Contraf-CUT entra com a\u00e7\u00e3o judicial pela incorpora\u00e7\u00e3o de fun\u00e7\u00e3o no BB<\/strong><\/a><\/ins><\/p>\n<\/div>\n<p id=\"page-author\"><span style=\"text-decoration: underline;\"><em><strong>Fonte: Contraf-CUT<\/strong><\/em><\/span><\/p>\n","protected":false},"excerpt":{"rendered":"<p>Uma falha no processamento da folha de pagamento de janeiro dos funcion\u00e1rios do Banco do Brasil fez com que a verba a verba 480, que incorpora a m\u00e9dia das comiss\u00f5es e gratifica\u00e7\u00f5es de fun\u00e7\u00e3o recebidas nos \u00faltimos 10 anos, n\u00e3o aparecesse nos contracheques. A Confedera\u00e7\u00e3o Nacional dos Trabalhadores do Ramo Financeiro (Contraf-CUT) entrou em contato [&hellip;]<\/p>\n","protected":false},"author":2,"featured_media":3664,"comment_status":"","ping_status":"","sticky":false,"template":"","format":"standard","meta":{"footnotes":""},"categories":[3],"tags":[],"class_list":["post-3665","post","type-post","status-publish","format-standard","has-post-thumbnail","hentry","category-noticias"],"_links":{"self":[{"href":"https:\/\/hostnetart.com.br\/baixada\/wp-json\/wp\/v2\/posts\/3665","targetHints":{"allow":["GET"]}}],"collection":[{"href":"https:\/\/hostnetart.com.br\/baixada\/wp-json\/wp\/v2\/posts"}],"about":[{"href":"https:\/\/hostnetart.com.br\/baixada\/wp-json\/wp\/v2\/types\/post"}],"author":[{"embeddable":true,"href":"https:\/\/hostnetart.com.br\/baixada\/wp-json\/wp\/v2\/users\/2"}],"replies":[{"embeddable":true,"href":"https:\/\/hostnetart.com.br\/baixada\/wp-json\/wp\/v2\/comments?post=3665"}],"version-history":[{"count":0,"href":"https:\/\/hostnetart.com.br\/baixada\/wp-json\/wp\/v2\/posts\/3665\/revisions"}],"wp:featuredmedia":[{"embeddable":true,"href":"https:\/\/hostnetart.com.br\/baixada\/wp-json\/wp\/v2\/media\/3664"}],"wp:attachment":[{"href":"https:\/\/hostnetart.com.br\/baixada\/wp-json\/wp\/v2\/media?parent=3665"}],"wp:term":[{"taxonomy":"category","embeddable":true,"href":"https:\/\/hostnetart.com.br\/baixada\/wp-json\/wp\/v2\/categories?post=3665"},{"taxonomy":"post_tag","embeddable":true,"href":"https:\/\/hostnetart.com.br\/baixada\/wp-json\/wp\/v2\/tags?post=3665"}],"curies":[{"name":"wp","href":"https:\/\/api.w.org\/{rel}","templated":true}]}}