{"id":3657,"date":"2018-01-17T10:54:17","date_gmt":"2018-01-17T12:54:17","guid":{"rendered":"https:\/\/hostnetart.com.br\/baixada\/la-nina-pode-causar-tragedias-sociais-no-brasil\/"},"modified":"2018-01-17T10:54:17","modified_gmt":"2018-01-17T12:54:17","slug":"la-nina-pode-causar-tragedias-sociais-no-brasil","status":"publish","type":"post","link":"https:\/\/hostnetart.com.br\/baixada\/la-nina-pode-causar-tragedias-sociais-no-brasil\/","title":{"rendered":"La Ni\u00f1a pode causar trag\u00e9dias sociais no Brasil"},"content":{"rendered":"<p>O fen\u00f4meno clim\u00e1tico La Ni\u00f1a deve afetar a safra agr\u00edcola no Brasil e tamb\u00e9m trazer volumes intensos de chuva que podem causar problemas em diversas cidades do pa\u00eds. A avalia\u00e7\u00e3o \u00e9 do professor do Departamento de Geografia da Universidade de S\u00e3o Paulo (USP) e do Programa de P\u00f3s-gradua\u00e7\u00e3o em Ci\u00eancia Ambiental Wagner Ribeiro, em entrevista ao <em>Jornal Brasil Atual,<\/em> da <strong>R\u00e1dio Brasil Atual<\/strong>.<em><br \/><\/em><\/p>\n<p>&#8220;O La Ni\u00f1a \u00e9 um fen\u00f4meno que ocorre de sete em sete anos, variando a frequ\u00eancia, j\u00e1 que \u00e9 dif\u00edcil precisar a regularidade desses eventos clim\u00e1ticos, e consiste basicamente em um resfriamento um pouco abaixo da m\u00e9dia de uma regi\u00e3o importante no Oceano Pac\u00edfico&#8221;, explica Ribeiro. &#8220;O mar e o ar trocam fluidos todo o tempo, s\u00e3o duas camadas, uma de ar e outra de \u00e1gua, interagindo. Aquecendo ou esfriando, uma influencia a outra.&#8221;<\/p>\n<p>Os efeitos do fen\u00f4meno j\u00e1 podem ser sentidos no pa\u00eds. &#8220;Quando o La Ni\u00f1a ocorre, temos uma proje\u00e7\u00e3o mais aguda de chuva, \u00e9 o que encontramos agora a partir de dezembro e janeiro no Brasil. Isso causa alguma inquieta\u00e7\u00e3o porque essa chuva se torna mais intensa nesse momento, mas diminui nos meses de fevereiro e mar\u00e7o, trazendo preocupa\u00e7\u00f5es para o per\u00edodo da safra agr\u00edcola&#8221;, destaca Ribeiro. &#8220;Mas tem o lado bom, que \u00e9 a possibilidade da volta de chuva no sert\u00e3o nordestino, os modelos est\u00e3o indicando isso.&#8221;<\/p>\n<p>Al\u00e9m dos poss\u00edveis efeitos na safra agr\u00edcola, o ge\u00f3grafo tamb\u00e9m ressalta as consequ\u00eancias danosas que a elevada precipita\u00e7\u00e3o pode trazer em termos sociais. &#8220;\u00c9 importante comentar sobre os efeitos que essas chuvas geram. Da ordem de 15% dos munic\u00edpios em 2013 foram afetados por eventos vinculados a chuvas intensas, com enxurradas, alagamentos, deslizamentos, e esse contingente acaba gerando um maior \u00edndice de \u00f3bitos&#8221;, analisa. &#8220;Mais da metade das mortes que temos por desastres naturais no Brasil ocorrem justamente por conta das chuvas intensas. Por isso alguns colegas dizem que n\u00e3o h\u00e1 nada de natural, pois todo ano isso ocorre e precisamos nos organizar para esse tipo de a\u00e7\u00e3o.&#8221;<\/p>\n<p>Ribeiro critica ainda a omiss\u00e3o governamental. &#8220;No caso do La Ni\u00f1a, com o agravamento das chuvas, os cuidados deveriam ser ainda maiores e n\u00e3o vemos nenhuma mobiliza\u00e7\u00e3o do governo&#8221;, aponta. &#8220;A defesa civil no Brasil, especialmente no \u00faltimo ano e meio, praticamente deixou de existir.&#8221;<\/p>\n","protected":false},"excerpt":{"rendered":"<p>O fen\u00f4meno clim\u00e1tico La Ni\u00f1a deve afetar a safra agr\u00edcola no Brasil e tamb\u00e9m trazer volumes intensos de chuva que podem causar problemas em diversas cidades do pa\u00eds. A avalia\u00e7\u00e3o \u00e9 do professor do Departamento de Geografia da Universidade de S\u00e3o Paulo (USP) e do Programa de P\u00f3s-gradua\u00e7\u00e3o em Ci\u00eancia Ambiental Wagner Ribeiro, em entrevista [&hellip;]<\/p>\n","protected":false},"author":2,"featured_media":3656,"comment_status":"","ping_status":"","sticky":false,"template":"","format":"standard","meta":{"footnotes":""},"categories":[3],"tags":[],"class_list":["post-3657","post","type-post","status-publish","format-standard","has-post-thumbnail","hentry","category-noticias"],"_links":{"self":[{"href":"https:\/\/hostnetart.com.br\/baixada\/wp-json\/wp\/v2\/posts\/3657","targetHints":{"allow":["GET"]}}],"collection":[{"href":"https:\/\/hostnetart.com.br\/baixada\/wp-json\/wp\/v2\/posts"}],"about":[{"href":"https:\/\/hostnetart.com.br\/baixada\/wp-json\/wp\/v2\/types\/post"}],"author":[{"embeddable":true,"href":"https:\/\/hostnetart.com.br\/baixada\/wp-json\/wp\/v2\/users\/2"}],"replies":[{"embeddable":true,"href":"https:\/\/hostnetart.com.br\/baixada\/wp-json\/wp\/v2\/comments?post=3657"}],"version-history":[{"count":0,"href":"https:\/\/hostnetart.com.br\/baixada\/wp-json\/wp\/v2\/posts\/3657\/revisions"}],"wp:featuredmedia":[{"embeddable":true,"href":"https:\/\/hostnetart.com.br\/baixada\/wp-json\/wp\/v2\/media\/3656"}],"wp:attachment":[{"href":"https:\/\/hostnetart.com.br\/baixada\/wp-json\/wp\/v2\/media?parent=3657"}],"wp:term":[{"taxonomy":"category","embeddable":true,"href":"https:\/\/hostnetart.com.br\/baixada\/wp-json\/wp\/v2\/categories?post=3657"},{"taxonomy":"post_tag","embeddable":true,"href":"https:\/\/hostnetart.com.br\/baixada\/wp-json\/wp\/v2\/tags?post=3657"}],"curies":[{"name":"wp","href":"https:\/\/api.w.org\/{rel}","templated":true}]}}