{"id":3655,"date":"2018-01-16T13:33:05","date_gmt":"2018-01-16T15:33:05","guid":{"rendered":"https:\/\/hostnetart.com.br\/baixada\/fenae-mostra-que-taxa-fixa-deixaria-credplan-muito-mais-barato\/"},"modified":"2018-01-16T13:33:05","modified_gmt":"2018-01-16T15:33:05","slug":"fenae-mostra-que-taxa-fixa-deixaria-credplan-muito-mais-barato","status":"publish","type":"post","link":"https:\/\/hostnetart.com.br\/baixada\/fenae-mostra-que-taxa-fixa-deixaria-credplan-muito-mais-barato\/","title":{"rendered":"Fenae mostra que taxa fixa deixaria Credplan muito mais barato"},"content":{"rendered":"<div class=\"content\">\n<p>Nas \u00faltimas semanas, depois que publicamos mat\u00e9ria sobre nossa reivindica\u00e7\u00e3o de melhorias no Credplan, muitos participantes foram aos canais da Fenae para manifestar preocupa\u00e7\u00e3o com as condi\u00e7\u00f5es oferecidas pela Funcef. Nesta ter\u00e7a-feira (16), a Fenae se reunir\u00e1 com o presidente da Funcef, Carlos Antonio Vieira, para relatar as principais demandas dos participantes e apresentar um conjunto de propostas para aprimoramento. As an\u00e1lises e simula\u00e7\u00f5es que fizemos indicam que \u00e9 poss\u00edvel reduzir em quase 45% o valor inicial das parcelas, bem como a renda m\u00ednima exigida para tomar o limite de cr\u00e9dito.<\/p>\n<p>Nos \u00faltimos dois anos, apesar de ter uma carteira rent\u00e1vel e equilibrada, as opera\u00e7\u00f5es com participantes sofreram mudan\u00e7as que as tornaram menos acess\u00edveis e mais caras. Uma das altera\u00e7\u00f5es prejudiciais aos participantes se deu no sistema de amortiza\u00e7\u00e3o, com a substitui\u00e7\u00e3o da tabela Price pela tabela SAC. Com isso, o valor das primeiras parcelas passou a ser mais alto.<\/p>\n<p>\u201cAs opera\u00e7\u00f5es com participantes sempre foram rent\u00e1veis, n\u00e3o havia por que encarecer esse benef\u00edcio. Pelo contr\u00e1rio, era necess\u00e1rio baixar taxas e deixa-lo mais acess\u00edvel. Os gestores da Funcef conseguiram piorar em lugar de avan\u00e7ar mais\u201d, questiona a diretora de Sa\u00fade e Previd\u00eancia da Fenae, Fabiana Matheus.<\/p>\n<p><strong>Participantes n\u00e3o querem taxas vari\u00e1veis<\/strong><br \/>Muitos participantes perguntam por que as taxas do Credplan n\u00e3o s\u00e3o fixas, mas sim vari\u00e1veis, outra caracter\u00edstica do Credplan que gera inseguran\u00e7a nos trabalhadores. A linha de cr\u00e9dito tem taxas que variam de INPC + 6,2% a INPC + 7,7% ao ano, sempre na depend\u00eancia da evolu\u00e7\u00e3o dos indicadores econ\u00f4micos, que podem fazer a taxa final oscilar para mais ou para menos.<\/p>\n<p>Em termos financeiros, a corre\u00e7\u00e3o do INPC por um lado gera uma imprevisibilidade do valor da parcela para o participante, mas por outro mitiga o risco da Funcef, que se previne contra as poss\u00edveis varia\u00e7\u00f5es da infla\u00e7\u00e3o. Pelas atuais proje\u00e7\u00f5es do Banco Central para o INPC, a taxa fixa do Crediplan deveria ser de 12,16% para o que o contrato oferecesse o mesmo retorno \u00e0 Funda\u00e7\u00e3o quando comparado ao INPC + 7,7%, por exemplo.<\/p>\n<p>No entanto, dado o risco que a Funcef precisaria assumir com a taxa fixa, poderia ser necess\u00e1ria alguma medida compensat\u00f3ria, como a cria\u00e7\u00e3o de algum fundo semelhante ao que j\u00e1 existe para casos de morte do participante, de modo a mitigar os impactos do risco de inadimpl\u00eancia. Isso poderia ser feito com os pr\u00f3prios recursos dos planos, sem a necessidade de contrata\u00e7\u00e3o de seguradoras.<\/p>\n<p><strong>Tem espa\u00e7o para ajudar quem est\u00e1 no equacionamento<\/strong><br \/>Na avalia\u00e7\u00e3o da Fenae, at\u00e9 mesmo os valores a serem pagos por conta dos planos de equacionamento poderiam caber nesse limite de cr\u00e9dito, como forma de ajudar ativos e aposentados. Com patrim\u00f4nio de cerca de R$ 60 bilh\u00f5es, os planos da Funcef disp\u00f5em de reservas e de todas as condi\u00e7\u00f5es para proporcionar isso aos participantes.\u00a0<\/p>\n<p>A Lei n\u00ba 3792 determina que o volume de recursos pass\u00edvel de utiliza\u00e7\u00e3o nas opera\u00e7\u00f5es com participantes est\u00e1 limitado a 8% do patrim\u00f4nio de cada plano. A Funcef, por\u00e9m, opera bem abaixo desse limite e tem bastante espa\u00e7o para expans\u00e3o.<\/p>\n<p>No Reg\/Replan Saldado, cujos participantes sofrem com o equacionamento e em breve passar\u00e3o a pagar mais de 20% em contribui\u00e7\u00f5es extraordin\u00e1rias, os recursos consignados chegam somente a 3,11% do patrim\u00f4nio do plano, segundo dados de 2016. No N\u00e3o Saldado, os empr\u00e9stimos chegam a 1,65%.<\/p>\n<p><strong>Simula\u00e7\u00e3o<\/strong><br \/>Simulamos um empr\u00e9stimo no limite m\u00e1ximo permitido (R$ 95 mil) pelo prazo m\u00e1ximo dispon\u00edvel (96 meses) e comparamos as condi\u00e7\u00f5es atuais com melhorias que sugerimos. Conforme a an\u00e1lise realizada, com a combina\u00e7\u00e3o de todas as melhorias propostas e devidamente explicadas abaixo, a redu\u00e7\u00e3o na parcela inicial e na renda m\u00ednima exigida para o limite m\u00e1ximo de cr\u00e9dito se reduzem em expressivos 44,5%.<\/p>\n<p><a class=\"has-subtitle img\" title=\"\" href=\"http:\/\/admin.contrafcut.com.br\/system\/uploads\/ck\/images\/Credplan%20-%20imagem%201%20-%20Fenae.png\" data-lightbox=\"lightbox\" data-title=\"\"><img decoding=\"async\" src=\"http:\/\/www.contrafcut.org.br\/images\/_361c6361e3cc766e7001020043b7e1a9.png\" alt=\"\" \/><\/a><\/p>\n<p><strong>1)<\/strong>\u00a0Nas condi\u00e7\u00f5es vigentes, o valor das parcelas iniciais seria de R$ 2.018,00. Se aplicarmos as novas premissas, os impactos s\u00e3o os seguintes:<\/p>\n<ul>\n<li>Ado\u00e7\u00e3o da tabela Price: &#8211; R$ 282,00<\/li>\n<li>Taxa de juros fixa (12,16%): &#8211; R$ 185,00<\/li>\n<li>Expans\u00e3o do prazo para 120 meses: &#8211; R$ 365,00<\/li>\n<li>Redu\u00e7\u00e3o de 1p.p. na taxa de juros: &#8211; R$ 49,00<\/li>\n<li>Redu\u00e7\u00e3o da taxa de administra\u00e7\u00e3o para 0,15%: &#8211; R$ 17,00<\/li>\n<\/ul>\n<p>O valor inicial das parcelas com as novas premissas passaria a ser de R$ 1.119,00.<\/p>\n<p><a class=\"has-subtitle img\" title=\"\" href=\"http:\/\/admin.contrafcut.com.br\/system\/uploads\/ck\/images\/Credplan%20-%20imagem%202%20-%20Fenae.png\" data-lightbox=\"lightbox\" data-title=\"\"><img decoding=\"async\" src=\"http:\/\/www.contrafcut.org.br\/images\/_795693f9ea58366170ca67590fe7fd2e.png\" alt=\"\" \/><\/a><\/p>\n<p><strong>2)\u00a0<\/strong>Se consideramos a renda bruta m\u00ednima exigida pela Funcef para a concess\u00e3o do limite total (R$ 95 mil), a redu\u00e7\u00e3o tamb\u00e9m \u00e9 significativa. Hoje, o participante precisa ter um sal\u00e1rio de R$ 6.725,00 para pegar o empr\u00e9stimo. Com os avan\u00e7os propostos, por\u00e9m, a situa\u00e7\u00e3o muda muito:<\/p>\n<ul>\n<li>Ado\u00e7\u00e3o da tabela Price: &#8211; R$ 940,00<\/li>\n<li>Taxa de juros fixa (12,16%): &#8211; R$ 616,00<\/li>\n<li>Expans\u00e3o do prazo para 120 meses: &#8211; R$ 1.218,00<\/li>\n<li>Redu\u00e7\u00e3o de 1p.p. na taxa de juros: &#8211; R$ 163,00<\/li>\n<li>Redu\u00e7\u00e3o da taxa de administra\u00e7\u00e3o para 0,15%: &#8211; R$ 57,00<\/li>\n<\/ul>\n<p>O valor da renda bruta m\u00ednima necess\u00e1ria para que o participante possa ter acesso ao limite m\u00e1ximo de empr\u00e9stimo passaria a ser R$ 3.732,00, permitindo que um maior n\u00famero de pessoas tenha acesso ao valor m\u00e1ximo do empr\u00e9stimo.<\/p>\n<p><strong>Entenda os avan\u00e7os propostos<\/strong><br \/>O CredPlan tem taxas que variam de INPC + 6,2% a INPC + 7,7% ao ano, com limite de R$ 95 mil e per\u00edodo m\u00e1ximo de 96 meses, tudo isso sujeito ao sistema de amortiza\u00e7\u00e3o conhecido como SAC, no qual as primeiras parcelas s\u00e3o mais caras e se reduzem ao longo do tempo. Para gerir a opera\u00e7\u00e3o, a Funcef cobra uma taxa de administra\u00e7\u00e3o de 0,5% ao m\u00eas sobre o valor da parcela.<\/p>\n<p>Para identificar os pontos que podem melhorar, fizemos uma compara\u00e7\u00e3o com outros fundos de pens\u00e3o brasileiros e estudamos a carteira da Funcef nos \u00faltimos cinco anos para identificar os ajustes necess\u00e1rios.<\/p>\n<p><strong>Rentabilidade permite redu\u00e7\u00e3o de custos<\/strong><br \/>A an\u00e1lise da rentabilidade da carteira de opera\u00e7\u00f5es com participantes indica que, nos \u00faltimos cinco anos, Credplan apresentou rentabilidade tr\u00eas vezes superior a dos demais ativos da Funcef. Enquanto a carteira da funda\u00e7\u00e3o em geral obteve valoriza\u00e7\u00e3o de 35% no per\u00edodo, os empr\u00e9stimos chegaram a 105%. Como o objetivo n\u00e3o \u00e9 gerar lucro, mas sim a oferta de um benef\u00edcio de extrema import\u00e2ncia garantindo o atingimento da meta atuarial, fica n\u00edtido que h\u00e1 muito espa\u00e7o para deixar o Credplan mais barato para o participante sem comprometer resultados.<\/p>\n<p>No per\u00edodo analisado, a rentabilidade da carteira de opera\u00e7\u00f5es com participantes da Funcef \u00e9 a segunda maior entre os grandes fundos de pens\u00e3o. Acima da Funcef, somente a Petros, com 118%. Em terceiro lugar, est\u00e1 a Valia, com 88%, seguida pela Previ, com 85%.<\/p>\n<p><strong>Tem espa\u00e7o para reduzir taxas de juros<\/strong><br \/>As taxas de juros reais praticadas pela Funcef no Credplan precisam diminuir, e h\u00e1 espa\u00e7o para isso. A an\u00e1lise da carteira da Funcef, considerando a meta atuarial vigente at\u00e9 2017 (INPC + 5,5%) e o \u00edndice de inadimpl\u00eancia de 0,57% registrado pela funda\u00e7\u00e3o no Balancete de junho de 2017, indicava que as taxas de juros cobradas no Credplan estavam elevadas. Contudo, tomando por base a decis\u00e3o de redu\u00e7\u00e3o da meta em 1p.p anunciada no final do ano passado, o espa\u00e7o para diminui\u00e7\u00e3o da taxa de juros \u00e9 ainda maior.<\/p>\n<p>Com a nova meta atuarial de INPC + 4,5%, o m\u00ednimo que se espera \u00e9 uma redu\u00e7\u00e3o proporcional nas taxas de juros j\u00e1 cobradas, ainda que seja vi\u00e1vel e necess\u00e1ria uma diminui\u00e7\u00e3o ainda mais acentuada., desde que se preserve a sustentabilidade da carteira. A redu\u00e7\u00e3o na taxa de juros representar\u00e1 outro ganho significativo para os participantes, conforme \u00e9 demonstrado na simula\u00e7\u00e3o apresentada ao final deste estudo.<\/p>\n<p><strong>Tem espa\u00e7o pra reduzir a taxa de administra\u00e7\u00e3o<\/strong><br \/>Dos fundos que cobram taxa de administra\u00e7\u00e3o, a Funcef \u00e9 a mais cara. A taxa praticada pela Petros \u00e9 de 0,25%, enquanto a Previ cobra 0,1% em um de seus planos e 0,2% no outro, formando uma m\u00e9dia de 0,15%. Valia n\u00e3o adota taxa de administra\u00e7\u00e3o, embora tenha as taxas de juros mais altas. A Funcef, por sua vez, cobra 0,5%, a taxa mais elevada.<\/p>\n<p><strong>Tem espa\u00e7o para aumentar prazo<\/strong><br \/>Para quem est\u00e1 apertado, diluir o empr\u00e9stimo em um n\u00famero maior de parcelas pode ser uma solu\u00e7\u00e3o que proporcione tranquilidade e comprometa uma fatia menor do or\u00e7amento mensal. Por\u00e9m, a Funcef \u00e9 a que oferece o menor prazo (96 meses) para concess\u00e3o de empr\u00e9stimos. Valia e Petros chegam a 120 meses, ou dois anos a mais.<\/p>\n<p>No entendimento da Fenae, com taxas adequadas, \u00e9 poss\u00edvel proporcionar mais conforto para os participantes por meio de um n\u00famero maior de parcelas, que permita diluir os valores a serem pagos mensalmente.<\/p>\n<p><strong>Tem espa\u00e7o para aumentar limite<\/strong><br \/>O limite de empr\u00e9stimo tamb\u00e9m pode crescer. A Funcef empresta at\u00e9 R$ 95 mil, enquanto a Petros chega a R$ 147,3 mil para participantes com reserva, e a Valia chega a R$ 500 mil. O limite praticado pelo fundo de pens\u00e3o dos trabalhadores da Vale, sexto maior do pa\u00eds, chega a ser mais que o qu\u00e1druplo da Funcef, que ocupa a terceira posi\u00e7\u00e3o no ranking dos fundos de pens\u00e3o.<\/p>\n<p>Considerando que muitos participantes j\u00e1 t\u00eam suas margens de consigna\u00e7\u00e3o comprometidas por empr\u00e9stimos junto \u00e0 funda\u00e7\u00e3o e \u00e0 pr\u00f3pria Caixa Econ\u00f4mica Federal, e que um grande n\u00famero tamb\u00e9m j\u00e1 foi atingido pelos planos de equacionamento, a possibilidade de ampliar o limite de cr\u00e9dito seria um alento, mas desde que se respeitasse a margem de consigna\u00e7\u00e3o.<\/p>\n<p><strong>Tem espa\u00e7o para mudar o sistema de amortiza\u00e7\u00e3o<\/strong><br \/>A mudan\u00e7a recente no sistema de amortiza\u00e7\u00e3o, da tabela Price para a tabela SAC, \u00e9 um retrocesso. A tabela SAC, que deixa as primeiras parcelas mais altas e reduz o valor mensal com o passar do tempo, tem efeito excludente.<\/p>\n<p>Para tomar o limite m\u00e1ximo de empr\u00e9stimo (R$ 95 mil), conforme a Tabela SAC, o participante precisa ter uma renda m\u00ednima consign\u00e1vel de R$ 6.725,00, para pagar as parcelas iniciais que ter\u00e3o valor pr\u00f3ximo a R$ 2.000,00. No sistema Price, n\u00e3o se alterando qualquer outra vari\u00e1vel, a renda m\u00ednima exigida seria de R$ 5.785,00, 14% menor, enquanto as primeiras parcelas ficariam em torno de R$ 1.736,00, 14% mais baratas.<\/p>\n<p>Se por um lado, a tabela Price proporciona parcelas iniciais menores que cabem com mais folga na margem consign\u00e1vel do participante, este sistema de amortiza\u00e7\u00e3o gera um valor total maior a pagar at\u00e9 o final do per\u00edodo. J\u00e1 a tabela SAC torna as primeiras parcelas mais altas, um fator excludente para muitos participantes que n\u00e3o t\u00eam a renda m\u00ednima necess\u00e1ria, mas resulta em um valor total menor no final do prazo. Diante disso, o ideal seria dar ao participante a op\u00e7\u00e3o de escolher o sistema de amortiza\u00e7\u00e3o mais interessante para o seu caso.<\/p>\n<\/div>\n<p id=\"page-author\"><span style=\"text-decoration: underline;\"><em><strong>Fonte: Fenae<\/strong><\/em><\/span><\/p>\n","protected":false},"excerpt":{"rendered":"<p>Nas \u00faltimas semanas, depois que publicamos mat\u00e9ria sobre nossa reivindica\u00e7\u00e3o de melhorias no Credplan, muitos participantes foram aos canais da Fenae para manifestar preocupa\u00e7\u00e3o com as condi\u00e7\u00f5es oferecidas pela Funcef. Nesta ter\u00e7a-feira (16), a Fenae se reunir\u00e1 com o presidente da Funcef, Carlos Antonio Vieira, para relatar as principais demandas dos participantes e apresentar um [&hellip;]<\/p>\n","protected":false},"author":2,"featured_media":3654,"comment_status":"","ping_status":"","sticky":false,"template":"","format":"standard","meta":{"footnotes":""},"categories":[3],"tags":[],"class_list":["post-3655","post","type-post","status-publish","format-standard","has-post-thumbnail","hentry","category-noticias"],"_links":{"self":[{"href":"https:\/\/hostnetart.com.br\/baixada\/wp-json\/wp\/v2\/posts\/3655","targetHints":{"allow":["GET"]}}],"collection":[{"href":"https:\/\/hostnetart.com.br\/baixada\/wp-json\/wp\/v2\/posts"}],"about":[{"href":"https:\/\/hostnetart.com.br\/baixada\/wp-json\/wp\/v2\/types\/post"}],"author":[{"embeddable":true,"href":"https:\/\/hostnetart.com.br\/baixada\/wp-json\/wp\/v2\/users\/2"}],"replies":[{"embeddable":true,"href":"https:\/\/hostnetart.com.br\/baixada\/wp-json\/wp\/v2\/comments?post=3655"}],"version-history":[{"count":0,"href":"https:\/\/hostnetart.com.br\/baixada\/wp-json\/wp\/v2\/posts\/3655\/revisions"}],"wp:featuredmedia":[{"embeddable":true,"href":"https:\/\/hostnetart.com.br\/baixada\/wp-json\/wp\/v2\/media\/3654"}],"wp:attachment":[{"href":"https:\/\/hostnetart.com.br\/baixada\/wp-json\/wp\/v2\/media?parent=3655"}],"wp:term":[{"taxonomy":"category","embeddable":true,"href":"https:\/\/hostnetart.com.br\/baixada\/wp-json\/wp\/v2\/categories?post=3655"},{"taxonomy":"post_tag","embeddable":true,"href":"https:\/\/hostnetart.com.br\/baixada\/wp-json\/wp\/v2\/tags?post=3655"}],"curies":[{"name":"wp","href":"https:\/\/api.w.org\/{rel}","templated":true}]}}