{"id":3647,"date":"2018-01-15T15:23:23","date_gmt":"2018-01-15T17:23:23","guid":{"rendered":"https:\/\/hostnetart.com.br\/baixada\/midia-esconde-recessao-desemprego-e-reajuste-do-salario-minimo-abaixo-da-inflacao\/"},"modified":"2018-01-15T15:23:23","modified_gmt":"2018-01-15T17:23:23","slug":"midia-esconde-recessao-desemprego-e-reajuste-do-salario-minimo-abaixo-da-inflacao","status":"publish","type":"post","link":"https:\/\/hostnetart.com.br\/baixada\/midia-esconde-recessao-desemprego-e-reajuste-do-salario-minimo-abaixo-da-inflacao\/","title":{"rendered":"M\u00eddia esconde recess\u00e3o, desemprego e reajuste do sal\u00e1rio m\u00ednimo abaixo da infla\u00e7\u00e3o"},"content":{"rendered":"<div class=\"content\">\n<p>Apesar das comemora\u00e7\u00f5es do governo golpista de Michel Temer (PMDB) de que a infla\u00e7\u00e3o de 2017 foi a menor desde 1998, os n\u00fameros do IBGE evidenciam, de fato, a recess\u00e3o da economia brasileira, o que a m\u00eddia golpista esconde. Tamb\u00e9m n\u00e3o merecem destaque nas redes de comunica\u00e7\u00e3o, que est\u00e3o nas m\u00e3os de meia d\u00fazia de fam\u00edlias ricas, o aumento do desemprego e o reajuste do sal\u00e1rio m\u00ednimo abaixo da infla\u00e7\u00e3o, descumprindo a legisla\u00e7\u00e3o assinada pela presidenta deposta Dilma Rousseff (PT).<\/p>\n<p>\u201cO reajuste do m\u00ednimo em 1,81% contra o INPC de 2,07% anunciado pelo IBGE reduz o poder de compra da classe trabalhadora e tem um brutal impacto negativo nas negocia\u00e7\u00f5es coletivas\u201d, afirma o presidente da CUT-RS, Claudir Nespolo.<\/p>\n<p>Al\u00e9m disso, o \u00edndice rebaixado ser\u00e1 par\u00e2metro para o reajuste de aposentados e pensionistas, que recebem acima de um sal\u00e1rio m\u00ednimo, e poder\u00e1 ter usado de novo pelo governo Sartori na defini\u00e7\u00e3o do projeto de reajuste do m\u00ednimo regional no RS, a ser enviado no in\u00edcio de fevereiro para a Assembleia Legislativa.<\/p>\n<p>Para Nespolo, as centrais sindicais ter\u00e3o que aumentar a press\u00e3o sobre o governo e os deputados, para que os trabalhadores ga\u00fachos que recebem os menores sal\u00e1rios n\u00e3o sejam novamente prejudicados.<\/p>\n<p>Se fosse corrigido pelo INPC, o m\u00ednimo teria subido de R$ 937 para R$ 956, em vez dos R$ 954 v\u00e1lidos atualmente e que representam a menor corre\u00e7\u00e3o desde 1995, primeiro ano ap\u00f3s a cria\u00e7\u00e3o do real. O valor tamb\u00e9m ficou aqu\u00e9m dos R$ 965 que o Congresso Nacional havia aprovado dentro no Or\u00e7amento da Uni\u00e3o para 2018.<\/p>\n<p>Conforme o dirigente da CUT-RS, a jogada ensaiada da m\u00eddia financiada pelos golpistas \u00e9 mostrar que o pa\u00eds est\u00e1 bem, porque a infla\u00e7\u00e3o ficou abaixo da meta, mas isso \u00e9 question\u00e1vel. \u201cO que estamos vivendo \u00e9 uma brutal recess\u00e3o, com mais de 12 milh\u00f5es de desempregados, empresas fechando e informalidade crescendo\u201d.<\/p>\n<p><strong>Nada a comemorar<\/strong><br \/> \u201cNada temos a comemorar, mas sim precisamos denunciar a manipula\u00e7\u00e3o da m\u00eddia golpista e cobrar o reaquecimento da economia para gerar empregos com carteira assinada, a fim de estimular a produ\u00e7\u00e3o e o consumo\u201d, salientou Nespolo.<\/p>\n<p>De fato, embora os n\u00fameros mostrem redu\u00e7\u00e3o no valor de alguns itens, que comp\u00f5em os c\u00e1lculos da infla\u00e7\u00e3o, como os alimentos, outros produtos, como g\u00e1s de cozinha, a gasolina, a energia el\u00e9trica, o transporte e os planos de sa\u00fade, v\u00eam aumentando assustadoramente e oneram as despesas das fam\u00edlias.<\/p>\n<p><strong>Menor poder de compra<\/strong><br \/> De acordo com o DIEESE, a redu\u00e7\u00e3o nos pre\u00e7os dos alimentos contribuiu muito para a queda da infla\u00e7\u00e3o, em parte porque as safras foram boas em 2017, o que garantiu o abastecimento para o consumo. No entanto, o poder de compra das fam\u00edlias diminuiu.<\/p>\n<p>Segundo dados da Pesquisa de Emprego e Desemprego (PED), entre outubro de 2016 e de 2017, caiu o rendimento m\u00e9dio real dos ocupados (-0,7%) e o dos assalariados (-0,4%). Decresceu tamb\u00e9m a massa de rendimentos dos ocupados (-1,6%) e dos assalariados (-2,5%), em decorr\u00eancia de redu\u00e7\u00f5es nos rendimentos m\u00e9dios e nos n\u00edveis de emprego.<\/p>\n<\/div>\n<p id=\"page-author\"><span style=\"text-decoration: underline;\"><em><strong>Fonte: CUT<\/strong><\/em><\/span><\/p>\n","protected":false},"excerpt":{"rendered":"<p>Apesar das comemora\u00e7\u00f5es do governo golpista de Michel Temer (PMDB) de que a infla\u00e7\u00e3o de 2017 foi a menor desde 1998, os n\u00fameros do IBGE evidenciam, de fato, a recess\u00e3o da economia brasileira, o que a m\u00eddia golpista esconde. Tamb\u00e9m n\u00e3o merecem destaque nas redes de comunica\u00e7\u00e3o, que est\u00e3o nas m\u00e3os de meia d\u00fazia de [&hellip;]<\/p>\n","protected":false},"author":2,"featured_media":3646,"comment_status":"","ping_status":"","sticky":false,"template":"","format":"standard","meta":{"footnotes":""},"categories":[3],"tags":[],"class_list":["post-3647","post","type-post","status-publish","format-standard","has-post-thumbnail","hentry","category-noticias"],"_links":{"self":[{"href":"https:\/\/hostnetart.com.br\/baixada\/wp-json\/wp\/v2\/posts\/3647","targetHints":{"allow":["GET"]}}],"collection":[{"href":"https:\/\/hostnetart.com.br\/baixada\/wp-json\/wp\/v2\/posts"}],"about":[{"href":"https:\/\/hostnetart.com.br\/baixada\/wp-json\/wp\/v2\/types\/post"}],"author":[{"embeddable":true,"href":"https:\/\/hostnetart.com.br\/baixada\/wp-json\/wp\/v2\/users\/2"}],"replies":[{"embeddable":true,"href":"https:\/\/hostnetart.com.br\/baixada\/wp-json\/wp\/v2\/comments?post=3647"}],"version-history":[{"count":0,"href":"https:\/\/hostnetart.com.br\/baixada\/wp-json\/wp\/v2\/posts\/3647\/revisions"}],"wp:featuredmedia":[{"embeddable":true,"href":"https:\/\/hostnetart.com.br\/baixada\/wp-json\/wp\/v2\/media\/3646"}],"wp:attachment":[{"href":"https:\/\/hostnetart.com.br\/baixada\/wp-json\/wp\/v2\/media?parent=3647"}],"wp:term":[{"taxonomy":"category","embeddable":true,"href":"https:\/\/hostnetart.com.br\/baixada\/wp-json\/wp\/v2\/categories?post=3647"},{"taxonomy":"post_tag","embeddable":true,"href":"https:\/\/hostnetart.com.br\/baixada\/wp-json\/wp\/v2\/tags?post=3647"}],"curies":[{"name":"wp","href":"https:\/\/api.w.org\/{rel}","templated":true}]}}