{"id":3643,"date":"2018-01-15T13:36:26","date_gmt":"2018-01-15T15:36:26","guid":{"rendered":"https:\/\/hostnetart.com.br\/baixada\/movimentos-sociais-e-empregados-defendem-a-caixa-100-publica\/"},"modified":"2018-01-15T13:36:26","modified_gmt":"2018-01-15T15:36:26","slug":"movimentos-sociais-e-empregados-defendem-a-caixa-100-publica","status":"publish","type":"post","link":"https:\/\/hostnetart.com.br\/baixada\/movimentos-sociais-e-empregados-defendem-a-caixa-100-publica\/","title":{"rendered":"Movimentos sociais e empregados defendem a Caixa 100% p\u00fablica"},"content":{"rendered":"<div class=\"content\">\n<p>No dia em a Caixa Econ\u00f4mica Federal completou 157 anos de exist\u00eancia, empregados, movimentos sociais, centrais sindicais, sindicatos dos banc\u00e1rios e entidades de representa\u00e7\u00e3o dos trabalhadores realizaram protestos em frente a ag\u00eancias e departamentos da Caixa em todo pa\u00eds em defesa da manuten\u00e7\u00e3o do banco como empresa 100% estatal.<\/p>\n<p>\u201cA Caixa n\u00e3o \u00e9 desse governo, o banco do Brasil n\u00e3o \u00e9 desse governo. As empresas p\u00fablicas s\u00e3o do povo brasileiro e s\u00f3 ele pode decidir o que acontece com as estatais. Por isso \u00e9 t\u00e3o importante a democracia, por isso \u00e9 t\u00e3o importante as elei\u00e7\u00f5es porque a gente decide quem fica \u00e0 frente das empresas p\u00fablicas que \u00e9 um grande patrim\u00f4nio do Brasil\u201d, afirmou Dion\u00edsio Reis, Coordenador da Comiss\u00e3o Executiva dos Empregados da Caixa Econ\u00f4mica Federal (CEE\/Caixa), durante ato realizado na avenida Paulista, em S\u00e3o Paulo.<\/p>\n<p>\u201cA Caixa sempre foi uma refer\u00eancia para a popula\u00e7\u00e3o mais pobre. Com a chegada ao poder de um governo democr\u00e1tico isso se ampliou. A Caixa criou ger\u00eancias espec\u00edficas para atender as demandas dos movimentos sociais. Passamos a ser tratados como movimentos que somos, n\u00e3o como empreiteiras, ou construtoras. Com o governo Temer isso n\u00e3o existe mais. Por isso, al\u00e9m de continuar sendo uma empresa p\u00fablica, \u00e9 preciso que haja um governo democr\u00e1tico, que garanta a realiza\u00e7\u00e3o de pol\u00edticas p\u00fablicas\u201d, disse Sidnei Pita, da Uni\u00e3o Nacional Por Moradia Popular.<\/p>\n<p><strong>A luta \u00e9 de todos<\/strong><br \/> \u201cA participa\u00e7\u00e3o dos movimentos sociais nestas atividades \u00e9 fundamental para a defesa da Caixa. Demonstra que essa n\u00e3o \u00e9 uma luta apenas corporativa, em defesa do emprego, mas sim a defesa de uma empresa p\u00fablica fundamental para o desenvolvimento do pa\u00eds\u201d, explicou Dion\u00edsio Reis.<\/p>\n<p>O secret\u00e1rio de Finan\u00e7as da Confedera\u00e7\u00e3o Nacional dos Trabalhadores do Ramo Financeiro (Contraf-CUT), Sergio Takemoto, tamb\u00e9m destacou a necessidade da participa\u00e7\u00e3o social na luta em defesa da Caixa 100% p\u00fablica. Para ele, a defesa da Caixa 100% p\u00fablica n\u00e3o pode ficar restrita aos empregados da Caixa, assim como a luta pelo direito \u00e0 moradia n\u00e3o pode ser uma luta somente pelos movimentos de moradia.<\/p>\n<p>\u201cEssa \u00e9 uma luta de toda a sociedade, que deve defender o direito de uma moradia digna para todo trabalhador. Temos que estar sempre juntos na defesa de nossos direitos. Defender a Caixa, defender o metr\u00f4, defender o SUS, defender as empresas p\u00fablicas \u00e9 uma obriga\u00e7\u00e3o de todo o povo o brasileiro, \u00e9 uma obriga\u00e7\u00e3o de todo o cidad\u00e3o. N\u00e3o podemos permitir que um governo golpista promova esse desmanche de nossos direitos, de nossas conquistas em t\u00e3o pouco tempo. \u00c9 inadmiss\u00edvel o que esse governo vem fazendo com a popula\u00e7\u00e3o brasileira e principalmente com o povo pobre de nosso pa\u00eds\u201d, observou Takemoto, que tamb\u00e9m \u00e9 diretor da Federa\u00e7\u00e3o Nacional das Associa\u00e7\u00f5es de Empregados da Caixa (Fenae).<\/p>\n<p>\u201cN\u00f3s sabemos o que significa ter um governo voltado para as pol\u00edticas p\u00fablicas. Vimos que \u00e9 poss\u00edvel ter direito a uma casa pr\u00f3pria, ter acesso ao estudo, ter acesso a uma pol\u00edtica de sa\u00fade melhor, n\u00e3o vamos querer retroceder 20 anos\u201d concluiu Takemoto.<\/p>\n<p>Leia mais not\u00edcias sobre as <strong><ins><a href=\"http:\/\/www.contrafcut.org.br\/busca?q=caixa\" target=\"_blank\" rel=\"noopener noreferrer\">atividades em defesa da Caixa<\/a><\/ins><\/strong>.<\/p>\n<p>Veja a <strong><ins><a href=\"http:\/\/www.contrafcut.org.br\/fotos\/caixa-faz-aniversario-e-trabalhadores-protestam-em-defesa-do-banco-publico-fd38\" target=\"_blank\" rel=\"noopener noreferrer\">galeria de fotos<\/a><\/ins><\/strong> sobre as atividades em todo o pa\u00eds.<\/p>\n<p><strong>Leia tamb\u00e9m:<\/strong><br \/> \u00a0\u00a0\u00a0\u00a0 &gt; <ins><a href=\"http:\/\/www.contrafcut.org.br\/noticias\/bancarios-e-movimentos-sociais-vao-lancar-comite-em-defesa-da-caixa-b337\/\" target=\"_blank\" rel=\"noopener noreferrer\"><strong>Banc\u00e1rios e movimentos sociais v\u00e3o lan\u00e7ar comit\u00ea em defesa da Caixa<\/strong><\/a><\/ins><\/p>\n<p>\u00a0<\/p>\n<\/div>\n<p id=\"page-author\"><span style=\"text-decoration: underline;\"><em><strong>Fonte: Contraf-CUT<\/strong><\/em><\/span><\/p>\n","protected":false},"excerpt":{"rendered":"<p>No dia em a Caixa Econ\u00f4mica Federal completou 157 anos de exist\u00eancia, empregados, movimentos sociais, centrais sindicais, sindicatos dos banc\u00e1rios e entidades de representa\u00e7\u00e3o dos trabalhadores realizaram protestos em frente a ag\u00eancias e departamentos da Caixa em todo pa\u00eds em defesa da manuten\u00e7\u00e3o do banco como empresa 100% estatal. \u201cA Caixa n\u00e3o \u00e9 desse governo, [&hellip;]<\/p>\n","protected":false},"author":2,"featured_media":3642,"comment_status":"","ping_status":"","sticky":false,"template":"","format":"standard","meta":{"footnotes":""},"categories":[3],"tags":[],"class_list":["post-3643","post","type-post","status-publish","format-standard","has-post-thumbnail","hentry","category-noticias"],"_links":{"self":[{"href":"https:\/\/hostnetart.com.br\/baixada\/wp-json\/wp\/v2\/posts\/3643","targetHints":{"allow":["GET"]}}],"collection":[{"href":"https:\/\/hostnetart.com.br\/baixada\/wp-json\/wp\/v2\/posts"}],"about":[{"href":"https:\/\/hostnetart.com.br\/baixada\/wp-json\/wp\/v2\/types\/post"}],"author":[{"embeddable":true,"href":"https:\/\/hostnetart.com.br\/baixada\/wp-json\/wp\/v2\/users\/2"}],"replies":[{"embeddable":true,"href":"https:\/\/hostnetart.com.br\/baixada\/wp-json\/wp\/v2\/comments?post=3643"}],"version-history":[{"count":0,"href":"https:\/\/hostnetart.com.br\/baixada\/wp-json\/wp\/v2\/posts\/3643\/revisions"}],"wp:featuredmedia":[{"embeddable":true,"href":"https:\/\/hostnetart.com.br\/baixada\/wp-json\/wp\/v2\/media\/3642"}],"wp:attachment":[{"href":"https:\/\/hostnetart.com.br\/baixada\/wp-json\/wp\/v2\/media?parent=3643"}],"wp:term":[{"taxonomy":"category","embeddable":true,"href":"https:\/\/hostnetart.com.br\/baixada\/wp-json\/wp\/v2\/categories?post=3643"},{"taxonomy":"post_tag","embeddable":true,"href":"https:\/\/hostnetart.com.br\/baixada\/wp-json\/wp\/v2\/tags?post=3643"}],"curies":[{"name":"wp","href":"https:\/\/api.w.org\/{rel}","templated":true}]}}