{"id":3641,"date":"2018-01-12T15:34:18","date_gmt":"2018-01-12T17:34:18","guid":{"rendered":"https:\/\/hostnetart.com.br\/baixada\/contraf-cut-cobra-solucao-para-o-contencioso-judicial-na-funcef\/"},"modified":"2018-01-12T15:34:18","modified_gmt":"2018-01-12T17:34:18","slug":"contraf-cut-cobra-solucao-para-o-contencioso-judicial-na-funcef","status":"publish","type":"post","link":"https:\/\/hostnetart.com.br\/baixada\/contraf-cut-cobra-solucao-para-o-contencioso-judicial-na-funcef\/","title":{"rendered":"Contraf-CUT cobra solu\u00e7\u00e3o para o contencioso judicial na Funcef"},"content":{"rendered":"<div class=\"content\">\n<p>A Confedera\u00e7\u00e3o Nacional dos Trabalhadores do Ramo Financeiro (Contraf-CUT) cobra em car\u00e1ter de urg\u00eancia a forma\u00e7\u00e3o de um Grupo de Trabalho (GT), entre patrocinadora (Caixa) e participantes (Contraf-CUT), para discutir, de forma transparente, uma solu\u00e7\u00e3o para o contencioso judicial, que impacta diretamente nos resultados da Funcef.\u00a0<br \/> Dados do balan\u00e7o da Funcef do terceiro trimestre de 2017 mostram que, no c\u00e1lculo da perda prov\u00e1vel, ou seja, nas condena\u00e7\u00f5es dadas como certas e cujo valor deve ser provisionado, o passivo trabalhista gerado pela Caixa aumentou R$ 220 milh\u00f5es nos nove primeiros meses do ano passado e j\u00e1 chega a R$ 2,5 bilh\u00f5es. \u00a0\u00a0<br \/> As notas explicativas dos balan\u00e7os da Funcef mostram que, o montante apurado como contencioso poss\u00edvel saltou de R$7,2 milh\u00f5es para R$12,7 bilh\u00f5es, uma alta de 76% no per\u00edodo.\u00a0<br \/> O coordenador da CEE\/Caixa, Dion\u00edsio Reis, atribui esses n\u00fameros \u00e0 gest\u00e3o da Caixa, por n\u00e3o efetuar o pagamento do Complemento Tempor\u00e1rio Vari\u00e1vel de Ajuste ao Piso de Mercado (CTVA), dentre outros direitos dos empregados. \u201cEssas a\u00e7\u00f5es s\u00e3o provocadas pela gest\u00e3o do banco e por isso \u00e9 imprescind\u00edvel a participa\u00e7\u00e3o da Caixa e dos empregados na discuss\u00e3o de qualquer solu\u00e7\u00e3o para esses impasses, que hoje penalizam a Funcef\u201d, afirmou.<br \/> De acordo com Dion\u00edsio Reis, \u00e9 de extrema import\u00e2ncia a discuss\u00e3o de um GT espec\u00edfico para que o assunto possa ser discutido e para que sejam esclarecidas todas as d\u00favidas dos participantes. \u201cO plano de a\u00e7\u00e3o divulgado em novembro pela Funcef e submetido previamente \u00e0 patrocinadora e \u00e0 Previc n\u00e3o foi debatido com os participantes, que nem sequer sabem os valores que j\u00e1 foram pagos e que n\u00e3o s\u00e3o divulgados nos registros cont\u00e1beis. N\u00e3o sabemos quanto os planos j\u00e1 perderam por conta do contencioso, nem os gastos administrativos e os honor\u00e1rios, mas sabemos que os valores podem ser muito mais altos que o provisionamento\u201d, disse<\/p>\n<\/div>\n<p id=\"page-author\"><strong>Fonte: Contraf-CUT<\/strong><\/p>\n","protected":false},"excerpt":{"rendered":"<p>A Confedera\u00e7\u00e3o Nacional dos Trabalhadores do Ramo Financeiro (Contraf-CUT) cobra em car\u00e1ter de urg\u00eancia a forma\u00e7\u00e3o de um Grupo de Trabalho (GT), entre patrocinadora (Caixa) e participantes (Contraf-CUT), para discutir, de forma transparente, uma solu\u00e7\u00e3o para o contencioso judicial, que impacta diretamente nos resultados da Funcef.\u00a0 Dados do balan\u00e7o da Funcef do terceiro trimestre de [&hellip;]<\/p>\n","protected":false},"author":2,"featured_media":3640,"comment_status":"","ping_status":"","sticky":false,"template":"","format":"standard","meta":{"footnotes":""},"categories":[3],"tags":[],"class_list":["post-3641","post","type-post","status-publish","format-standard","has-post-thumbnail","hentry","category-noticias"],"_links":{"self":[{"href":"https:\/\/hostnetart.com.br\/baixada\/wp-json\/wp\/v2\/posts\/3641","targetHints":{"allow":["GET"]}}],"collection":[{"href":"https:\/\/hostnetart.com.br\/baixada\/wp-json\/wp\/v2\/posts"}],"about":[{"href":"https:\/\/hostnetart.com.br\/baixada\/wp-json\/wp\/v2\/types\/post"}],"author":[{"embeddable":true,"href":"https:\/\/hostnetart.com.br\/baixada\/wp-json\/wp\/v2\/users\/2"}],"replies":[{"embeddable":true,"href":"https:\/\/hostnetart.com.br\/baixada\/wp-json\/wp\/v2\/comments?post=3641"}],"version-history":[{"count":0,"href":"https:\/\/hostnetart.com.br\/baixada\/wp-json\/wp\/v2\/posts\/3641\/revisions"}],"wp:featuredmedia":[{"embeddable":true,"href":"https:\/\/hostnetart.com.br\/baixada\/wp-json\/wp\/v2\/media\/3640"}],"wp:attachment":[{"href":"https:\/\/hostnetart.com.br\/baixada\/wp-json\/wp\/v2\/media?parent=3641"}],"wp:term":[{"taxonomy":"category","embeddable":true,"href":"https:\/\/hostnetart.com.br\/baixada\/wp-json\/wp\/v2\/categories?post=3641"},{"taxonomy":"post_tag","embeddable":true,"href":"https:\/\/hostnetart.com.br\/baixada\/wp-json\/wp\/v2\/tags?post=3641"}],"curies":[{"name":"wp","href":"https:\/\/api.w.org\/{rel}","templated":true}]}}