{"id":3633,"date":"2018-01-11T15:47:14","date_gmt":"2018-01-11T17:47:14","guid":{"rendered":"https:\/\/hostnetart.com.br\/baixada\/entenda-o-avanco-da-febre-amarela-no-brasil\/"},"modified":"2018-01-11T15:47:14","modified_gmt":"2018-01-11T17:47:14","slug":"entenda-o-avanco-da-febre-amarela-no-brasil","status":"publish","type":"post","link":"https:\/\/hostnetart.com.br\/baixada\/entenda-o-avanco-da-febre-amarela-no-brasil\/","title":{"rendered":"Entenda o avan\u00e7o da febre amarela no Brasil"},"content":{"rendered":"<p><em><span style=\"text-decoration: underline;\">Vacina \u00e9 recomendada para crian\u00e7as a partir de nove meses, e pode ser encontrada nas unidades p\u00fablicas de sa\u00fade, com dose gratuita. Governo reduz dose para dar conta da demanda esperada<\/span><\/em><\/p>\n<p>O Minist\u00e9rio da Sa\u00fade (MS) anunciou, na ter\u00e7a-feira (9), uma nova campanha de vacina\u00e7\u00e3o contra a febre amarela, que, ap\u00f3s viver no ano passado seu maior surto no Brasil desde 1980, d\u00e1 ind\u00edcios de que voltar\u00e1 a se espalhar pelo pa\u00eds neste ver\u00e3o. Entre fevereiro e mar\u00e7o deste ano, 24,4 milh\u00f5es de pessoas de 75 munic\u00edpios dos estados de S\u00e3o Paulo, Rio de Janeiro e Bahia, devem ser vacinadas.<\/p>\n<p>Com o aumento das \u00e1reas de recomenda\u00e7\u00e3o da vacina, o governo brasileiro decidiu reduzir de 0,5 ml para 0,1 ml sua dose padr\u00e3o, que desde 2014 \u00e9 considerada dose \u00fanica (com dura\u00e7\u00e3o por toda a vida) pela Organiza\u00e7\u00e3o Mundial da Sa\u00fade (OMS). Em pronunciamento oficial, o ministro da Sa\u00fade, Ricardo Barros, afirmou que o fracionamento \u00e9 seguro, mas emergencial. &#8220;Fracionaremos a vacina para garantir cobertura r\u00e1pida em curto per\u00edodo de tempo&#8221;, disse.<\/p>\n<p>Com durabilidade de oito anos, a vacina fracionada ter\u00e1 um selo diferenciado, para que no futuro seja exigida uma dose de refor\u00e7o. No entanto, algumas cr\u00edticas consideram a decis\u00e3o pela redu\u00e7\u00e3o da dose \u2013 medida j\u00e1 aplicada em pa\u00edses como Angola e Congo \u2013, como sendo resultado da falta de planejamento do governo.<\/p>\n<p>De acordo com o m\u00e9dico infectologista Jos\u00e9 Valdez Ramalho Madruga, para que o governo brasileiro vacinasse com a dose padr\u00e3o todas as pessoas que vivem nas regi\u00f5es afetadas, a quantidade de vacina necess\u00e1ria seria equivalente a um ter\u00e7o de toda a produ\u00e7\u00e3o mundial. Por esse motivo, ele destaca que a dose fracionada \u00e9 uma solu\u00e7\u00e3o, mas com exce\u00e7\u00f5es.<\/p>\n<p>&#8220;Ela pode ser utilizada nessas situa\u00e7\u00f5es de surto, mas precisamos fazer uma ressalva: algumas situa\u00e7\u00f5es espec\u00edficas precisam da dose plena, como as pessoas que t\u00eam infec\u00e7\u00e3o pelo v\u00edrus do HIV ou alguma outra doen\u00e7a imunol\u00f3gica, crian\u00e7as abaixo de dois anos e gestantes&#8221;, explicou.<\/p>\n<p>Madruga ressalta ainda que a dose fracionada da vacina n\u00e3o est\u00e1 sendo aceita para viagens internacionais. Nesse caso, a pessoa pode levar para os postos de sa\u00fade um comprovante de que viajar\u00e1 para algum pa\u00eds que pe\u00e7am o atestado da vacina, e ent\u00e3o poder\u00e1 tomar a dose completa. A imuniza\u00e7\u00e3o deve ser feita em at\u00e9 dez dias antes da viagem, seja para o exterior, seja para as \u00e1reas de risco dentro do Brasil.<\/p>\n<p><strong><em>Contexto<\/em><\/strong><\/p>\n<p>Em outubro de 2017, mais de 26 parques foram fechados em S\u00e3o Paulo, ap\u00f3s serem encontrados macacos mortos pelo v\u00edrus da febre amarela. Os primatas s\u00e3o os principais hospedeiros do v\u00edrus, que \u00e9 transmitido aos seres humanos atrav\u00e9s de mosquitos silvestres, principalmente o Haemagogus e o Sabethes. O ciclo de transmiss\u00e3o urbano, que tem como principal vetor de transmiss\u00e3o o mosquito Aedes Aegypti, n\u00e3o \u00e9 registrado no Brasil desde 1942. Por esse motivo, a febre amarela \u00e9 mais comum em \u00e1reas rurais e de mata, onde ocorre o ciclo silvestre.<\/p>\n<p>O m\u00e9dico infectologista e diretor do Sindicato dos M\u00e9dicos de S\u00e3o Paulo, Gerson Salvador ressalta que &#8220;os casos de febre amarela documentados no Brasil at\u00e9 agora foram de transmiss\u00e3o silvestre,. N\u00e3o tivemos confirma\u00e7\u00e3o de casos transmitidos pelo ciclo urbano. Isso \u00e9 uma informa\u00e7\u00e3o importante, porque as pessoas v\u00e3o precisar ser imunizadas com orienta\u00e7\u00e3o da Vigil\u00e2ncia Sanit\u00e1ria, mas sem p\u00e2nico, porque o p\u00e2nico acaba atrapalhando as pr\u00f3prias campanhas de imuniza\u00e7\u00e3o&#8221;.<\/p>\n<p>No entanto, ao longo dos anos, o mapa das regi\u00f5es recomendadas de vacina\u00e7\u00e3o no pa\u00eds foi se ampliando. Em 1997, segundo dados do Minist\u00e9rio da Sa\u00fade, a maior parte dos estados do Nordeste, do Sudeste e do Sul n\u00e3o era afetada pelo v\u00edrus. Mas entre dezembro de 2016 e agosto de 2017 foram confirmados 777 casos e 261 \u00f3bitos pela doen\u00e7a. O sudeste concentrou a grande maioria dos casos: 764 confirmados.<\/p>\n<p>Nos \u00faltimos meses, 11 novos casos foram confirmados: oito deles em S\u00e3o Paulo, um em Minas Gerais, um no Rio de Janeiro e um no Distrito Federal. Quatro pessoas morreram e outros 92 casos est\u00e3o em investiga\u00e7\u00e3o. Apenas na ter\u00e7a-feira (9), tr\u00eas mortes foram confirmadas no interior de S\u00e3o Paulo: duas em Atibaia e uma em Jarinu.<\/p>\n<p><strong><em>Sintomas<\/em><\/strong><\/p>\n<p>A febre amarela causa sintomas gen\u00e9ricos como dor de cabe\u00e7a, febre baixa, fraqueza, v\u00f4mitos, dores musculares e nas articula\u00e7\u00f5es. Entretanto, sua principal especificidade, \u00e9 a icter\u00edcia, definida como a presen\u00e7a de uma cor amarelada na pele, nas membranas mucosas (como o interior do nariz e da boca) ou nos olhos. Em sua fase mais grave, a doen\u00e7a pode causar inflama\u00e7\u00e3o no f\u00edgado e nos rins, hemorragias e levar \u00e0 morte.<\/p>\n<p><em><strong>Tratamento<\/strong><\/em><\/p>\n<p>O tratamento da doen\u00e7a \u00e9 apenas de ameniza\u00e7\u00e3o dos sintomas, atrav\u00e9s do uso de antit\u00e9rmicos e analg\u00e9sicos. Em est\u00e1gios graves, h\u00e1 a hospitaliza\u00e7\u00e3o para reposi\u00e7\u00e3o de l\u00edquidos e perdas sangu\u00edneas.<\/p>\n<p><em><strong>Preven\u00e7\u00e3o<\/strong><\/em><\/p>\n<p>Para a preven\u00e7\u00e3o da doen\u00e7a, a vacina \u00e9 recomendada para crian\u00e7as a partir de nove meses, e pode ser encontrada nas unidades p\u00fablicas de sa\u00fade, com dose gratuita. O aumento da demanda, entretanto, provocou a falta em alguns postos. Na rede privada, as doses podem chegar a cerca de R$250.<\/p>\n<p><em><strong>Exce\u00e7\u00e3o<\/strong><\/em><\/p>\n<p>A vacina n\u00e3o pode ser tomada por beb\u00eas menores de seis meses, mulheres que amamentam crian\u00e7as at\u00e9 essa idade e por pessoas al\u00e9rgicas a ovo. Al\u00e9m disso, testes j\u00e1 mostraram que os maiores de 60 anos t\u00eam maior risco de sofrer efeitos colaterais graves na primeira vacina\u00e7\u00e3o, e devem procurar um m\u00e9dico antes de receber a dose.<\/p>\n<p>Para essas exce\u00e7\u00f5es e a popula\u00e7\u00e3o em geral, a doen\u00e7a tamb\u00e9m pode ser previnida por meio do uso de repelentes, do uso de roupas compridas e claras em regi\u00f5es de mata, de mosquiteiros e telas. Para controle da prolifera\u00e7\u00e3o do mosquito, \u00e9 essencial evitar \u00e1gua parada.<\/p>\n<p><strong>FONTE: Rede Brasil Atual<\/strong><\/p>\n","protected":false},"excerpt":{"rendered":"<p>Vacina \u00e9 recomendada para crian\u00e7as a partir de nove meses, e pode ser encontrada nas unidades p\u00fablicas de sa\u00fade, com dose gratuita. Governo reduz dose para dar conta da demanda esperada O Minist\u00e9rio da Sa\u00fade (MS) anunciou, na ter\u00e7a-feira (9), uma nova campanha de vacina\u00e7\u00e3o contra a febre amarela, que, ap\u00f3s viver no ano passado [&hellip;]<\/p>\n","protected":false},"author":2,"featured_media":3632,"comment_status":"","ping_status":"","sticky":false,"template":"","format":"standard","meta":{"footnotes":""},"categories":[3],"tags":[],"class_list":["post-3633","post","type-post","status-publish","format-standard","has-post-thumbnail","hentry","category-noticias"],"_links":{"self":[{"href":"https:\/\/hostnetart.com.br\/baixada\/wp-json\/wp\/v2\/posts\/3633","targetHints":{"allow":["GET"]}}],"collection":[{"href":"https:\/\/hostnetart.com.br\/baixada\/wp-json\/wp\/v2\/posts"}],"about":[{"href":"https:\/\/hostnetart.com.br\/baixada\/wp-json\/wp\/v2\/types\/post"}],"author":[{"embeddable":true,"href":"https:\/\/hostnetart.com.br\/baixada\/wp-json\/wp\/v2\/users\/2"}],"replies":[{"embeddable":true,"href":"https:\/\/hostnetart.com.br\/baixada\/wp-json\/wp\/v2\/comments?post=3633"}],"version-history":[{"count":0,"href":"https:\/\/hostnetart.com.br\/baixada\/wp-json\/wp\/v2\/posts\/3633\/revisions"}],"wp:featuredmedia":[{"embeddable":true,"href":"https:\/\/hostnetart.com.br\/baixada\/wp-json\/wp\/v2\/media\/3632"}],"wp:attachment":[{"href":"https:\/\/hostnetart.com.br\/baixada\/wp-json\/wp\/v2\/media?parent=3633"}],"wp:term":[{"taxonomy":"category","embeddable":true,"href":"https:\/\/hostnetart.com.br\/baixada\/wp-json\/wp\/v2\/categories?post=3633"},{"taxonomy":"post_tag","embeddable":true,"href":"https:\/\/hostnetart.com.br\/baixada\/wp-json\/wp\/v2\/tags?post=3633"}],"curies":[{"name":"wp","href":"https:\/\/api.w.org\/{rel}","templated":true}]}}