{"id":3627,"date":"2018-01-10T13:31:33","date_gmt":"2018-01-10T15:31:33","guid":{"rendered":"https:\/\/hostnetart.com.br\/baixada\/temer-recusa-recomendacao-do-mpf-de-afastar-a-atual-direcao-da-caixa\/"},"modified":"2018-01-10T13:31:33","modified_gmt":"2018-01-10T15:31:33","slug":"temer-recusa-recomendacao-do-mpf-de-afastar-a-atual-direcao-da-caixa","status":"publish","type":"post","link":"https:\/\/hostnetart.com.br\/baixada\/temer-recusa-recomendacao-do-mpf-de-afastar-a-atual-direcao-da-caixa\/","title":{"rendered":"Temer recusa recomenda\u00e7\u00e3o do MPF de afastar a atual dire\u00e7\u00e3o da Caixa"},"content":{"rendered":"<p>Manter as indica\u00e7\u00f5es dos partidos da base aliada nos cargos do governo a qualquer pre\u00e7o para garantir a aprova\u00e7\u00e3o da Reforma da Previd\u00eancia. Esta parece ser a principal raz\u00e3o para que o presidente Michel Temer n\u00e3o atenda a recomenda\u00e7\u00e3o do Minist\u00e9rio P\u00fablico Federal de afastamento de todos os vice-presidentes da Caixa, inclusive os que est\u00e3o sob suspeita de irregularidades. As den\u00fancias atingem tamb\u00e9m o atual presidente do banco, Gilberto Occhi. <br \/>Segundo mat\u00e9ria da Folha de SP, publicada na segunda-feira, dia 8, o Pal\u00e1cio do Planalto quer manter atados \u00e0 sua base no Congresso Nacional partidos que indicaram os diretores da Caixa (PP, PR e PRB), visando a aprova\u00e7\u00e3o do projeto que modifica as regras para a aposentadoria na Previd\u00eancia Social.<br \/>Em resposta enviada na segunda-feira (8), a Casa Civil afirmou que o ministro Eliseu Padilha \u201cn\u00e3o tem compet\u00eancia para an\u00e1lise do pedido, uma vez que o tema caberia ao Minist\u00e9rio da Fazenda\u201d. <br \/>A dire\u00e7\u00e3o da Caixa tamb\u00e9m enviou sua resposta ao MPF. A alega\u00e7\u00e3o \u00e9 que \u201cpor inexistir regra na Lei das Estatais\u201d, a diretoria entende que o novo estatuto disciplinar\u00e1 \u201cas futuras indica\u00e7\u00f5es e nomea\u00e7\u00f5es de vice-presidentes, n\u00e3o cabendo sua aplica\u00e7\u00e3o aos atuais ocupantes de modo a impor suas substitui\u00e7\u00f5es\u201d. O novo estatuto da Caixa, aprovado por seu Conselho de Administra\u00e7\u00e3o, d\u00e1 poderes para que o colegiado afaste dirigentes. A implementa\u00e7\u00e3o, no entanto, ainda depende de aval do ministro da Fazenda, Henrique Meirelles, e da assembleia de acionistas.<\/p>\n","protected":false},"excerpt":{"rendered":"<p>Manter as indica\u00e7\u00f5es dos partidos da base aliada nos cargos do governo a qualquer pre\u00e7o para garantir a aprova\u00e7\u00e3o da Reforma da Previd\u00eancia. Esta parece ser a principal raz\u00e3o para que o presidente Michel Temer n\u00e3o atenda a recomenda\u00e7\u00e3o do Minist\u00e9rio P\u00fablico Federal de afastamento de todos os vice-presidentes da Caixa, inclusive os que est\u00e3o [&hellip;]<\/p>\n","protected":false},"author":2,"featured_media":3626,"comment_status":"","ping_status":"","sticky":false,"template":"","format":"standard","meta":{"footnotes":""},"categories":[3],"tags":[],"class_list":["post-3627","post","type-post","status-publish","format-standard","has-post-thumbnail","hentry","category-noticias"],"_links":{"self":[{"href":"https:\/\/hostnetart.com.br\/baixada\/wp-json\/wp\/v2\/posts\/3627","targetHints":{"allow":["GET"]}}],"collection":[{"href":"https:\/\/hostnetart.com.br\/baixada\/wp-json\/wp\/v2\/posts"}],"about":[{"href":"https:\/\/hostnetart.com.br\/baixada\/wp-json\/wp\/v2\/types\/post"}],"author":[{"embeddable":true,"href":"https:\/\/hostnetart.com.br\/baixada\/wp-json\/wp\/v2\/users\/2"}],"replies":[{"embeddable":true,"href":"https:\/\/hostnetart.com.br\/baixada\/wp-json\/wp\/v2\/comments?post=3627"}],"version-history":[{"count":0,"href":"https:\/\/hostnetart.com.br\/baixada\/wp-json\/wp\/v2\/posts\/3627\/revisions"}],"wp:featuredmedia":[{"embeddable":true,"href":"https:\/\/hostnetart.com.br\/baixada\/wp-json\/wp\/v2\/media\/3626"}],"wp:attachment":[{"href":"https:\/\/hostnetart.com.br\/baixada\/wp-json\/wp\/v2\/media?parent=3627"}],"wp:term":[{"taxonomy":"category","embeddable":true,"href":"https:\/\/hostnetart.com.br\/baixada\/wp-json\/wp\/v2\/categories?post=3627"},{"taxonomy":"post_tag","embeddable":true,"href":"https:\/\/hostnetart.com.br\/baixada\/wp-json\/wp\/v2\/tags?post=3627"}],"curies":[{"name":"wp","href":"https:\/\/api.w.org\/{rel}","templated":true}]}}