{"id":3625,"date":"2018-01-10T13:30:25","date_gmt":"2018-01-10T15:30:25","guid":{"rendered":"https:\/\/hostnetart.com.br\/baixada\/com-temer-retomada-sustentavel-da-economia-virou-meta-impossivel\/"},"modified":"2018-01-10T13:30:25","modified_gmt":"2018-01-10T15:30:25","slug":"com-temer-retomada-sustentavel-da-economia-virou-meta-impossivel","status":"publish","type":"post","link":"https:\/\/hostnetart.com.br\/baixada\/com-temer-retomada-sustentavel-da-economia-virou-meta-impossivel\/","title":{"rendered":"Com Temer, retomada sustent\u00e1vel da economia virou meta imposs\u00edvel"},"content":{"rendered":"<p>Por n\u00e3o ser espont\u00e2nea, a recess\u00e3o ocorre no capitalismo por decis\u00e3o planejada de pol\u00edtica econ\u00f4mica dos governos. Ap\u00f3s a grande depress\u00e3o de 1929, por exemplo, a economia brasileira registrou entre 1933 e 1980, apenas dois anos (1940 e 1942) de decr\u00e9scimo do Produto Interno Bruto (PIB), sem poder ser considerados recessivos.<\/p>\n<p>Em resumo, o per\u00edodo de 48 anos (1932-1980) registrou trajet\u00f3ria econ\u00f4mica marcada por 46 anos (96% do per\u00edodo) de expans\u00e3o do PIB e somente 2 anos (4%) de regress\u00e3o. Assim, nota-se que a cada 23 anos de evolu\u00e7\u00e3o positiva do PIB, havia, em m\u00e9dia, um ano de queda no n\u00edvel de atividade da economia brasileira.<\/p>\n<p>Desde 1980, contudo, o pa\u00eds passou a registrar, a cada tr\u00eas anos e meio de ascens\u00e3o do PIB, um ano de regress\u00e3o, em m\u00e9dia. Isso porque nos 36 anos de trajet\u00f3ria recente da economia nacional (1981-2016), o PIB ascendeu em 28 anos (78%) e declinou em 8 anos (22% do tempo).<\/p>\n<p>As tr\u00eas grandes recess\u00f5es econ\u00f4micas que ocorreram a partir de 1980 n\u00e3o apenas modificaram os rumos do capitalismo brasileiro, como difundiram obst\u00e1culos maiores para a retomada do seu n\u00edvel de atividade. Naquele momento, a ado\u00e7\u00e3o de pol\u00edticas ortodoxas de natureza liberal conservadora atingiu forte e prolongadamente o setor industrial, centro do dinamismo da economia nacional desde a d\u00e9cada de 1930.<\/p>\n<p>Na primeira recess\u00e3o de 1980-1983, o PIB decresceu acumuladamente 6%. Naquela \u00e9poca, o decl\u00ednio for\u00e7ado da economia teve por acordo com Fundo Monet\u00e1rio Internacional, teve como objetivo gerar elevado super\u00e1vit comercial para atender o pagamento da d\u00edvida externa. O inadequado fechamento da economia nacional decorrente do ajuste externo, n\u00e3o apenas desviou o pa\u00eds do curso da terceira Revolu\u00e7\u00e3o Industrial e Tecnol\u00f3gica, como consolidou ainda mais uma estrutura produtiva oligopolizada, fortemente dependente da alta infla\u00e7\u00e3o.<\/p>\n<p>Nos anos de 1990-1992, a segunda recess\u00e3o levou ao decl\u00ednio acumulado de quase 4% do PIB. A ado\u00e7\u00e3o do programa neoliberal identificado com o Consenso de Washington imp\u00f4s a privatiza\u00e7\u00e3o desorganizada e abriu abrupta e irresponsavelmente a economia nacional, comprimindo \u00e0 estrutura produtiva e a tornando dependente de altas doses de juros reais associadas ao rentismo improdutivo.<\/p>\n<p>Na terceira recess\u00e3o desde 1980, o PIB decaiu 7% acumuladamente entre 2015 e 2016. A implanta\u00e7\u00e3o do incongruente programa de austeridade fiscal contraiu ainda mais o setor industrial para menos de um d\u00e9cimo de import\u00e2ncia relativa da estrutura produtiva nacional, somente compar\u00e1vel \u00e0 d\u00e9cada de 1910.<\/p>\n<p>Naquela \u00e9poca, recorda-se, quando o pa\u00eds desconhecia o que era industrializa\u00e7\u00e3o e o seu poder de dinamiza\u00e7\u00e3o interna da economia nacional, predominava a depend\u00eancia \u00e0s exporta\u00e7\u00f5es de produtos prim\u00e1rios, como o caf\u00e9 e a\u00e7\u00facar. Nos dias de hoje, a especializa\u00e7\u00e3o crescente do pa\u00eds \u00e0 produ\u00e7\u00e3o e exporta\u00e7\u00e3o de produtos prim\u00e1rios o torna dependente de apenas 6 produtos que respondem por quase a metade das vendas externas (soja, carnes, min\u00e9rio de ferro, a\u00e7\u00facar, caf\u00e9 e celulose).<\/p>\n<p>Isso nem seria mal, caso a economia tivesse impulso din\u00e2mico interno. Como n\u00e3o acontece, a insist\u00eancia na continuidade do programa de austeridade fiscal conduzido pelo governo Temer termina por ceifar qualquer possibilidade sustent\u00e1vel de retomada da economia nacional. Em 2018, a perman\u00eancia da asfixia do setor p\u00fablico seguir\u00e1 estimulando o rentismo improdutivo, na mesma medida em que a receita de anabolizante ao paciente faz crescer os m\u00fasculos sob o risco de maior c\u00e2ncer ou o pr\u00f3prio infarto do usu\u00e1rio.<\/p>\n<p>* Professor do Instituto de Economia e pesquisador do Centro de Estudos Sindicais e de Economia do Trabalho (Cesit), ambos da Universidade Estadual de Campinas (Unicamp)<\/p>\n<p>\u00a0<\/p>\n<p><strong>FONTE: Rede Brasil Atual<\/strong><\/p>\n","protected":false},"excerpt":{"rendered":"<p>Por n\u00e3o ser espont\u00e2nea, a recess\u00e3o ocorre no capitalismo por decis\u00e3o planejada de pol\u00edtica econ\u00f4mica dos governos. Ap\u00f3s a grande depress\u00e3o de 1929, por exemplo, a economia brasileira registrou entre 1933 e 1980, apenas dois anos (1940 e 1942) de decr\u00e9scimo do Produto Interno Bruto (PIB), sem poder ser considerados recessivos. Em resumo, o per\u00edodo [&hellip;]<\/p>\n","protected":false},"author":2,"featured_media":3624,"comment_status":"","ping_status":"","sticky":false,"template":"","format":"standard","meta":{"footnotes":""},"categories":[3],"tags":[],"class_list":["post-3625","post","type-post","status-publish","format-standard","has-post-thumbnail","hentry","category-noticias"],"_links":{"self":[{"href":"https:\/\/hostnetart.com.br\/baixada\/wp-json\/wp\/v2\/posts\/3625","targetHints":{"allow":["GET"]}}],"collection":[{"href":"https:\/\/hostnetart.com.br\/baixada\/wp-json\/wp\/v2\/posts"}],"about":[{"href":"https:\/\/hostnetart.com.br\/baixada\/wp-json\/wp\/v2\/types\/post"}],"author":[{"embeddable":true,"href":"https:\/\/hostnetart.com.br\/baixada\/wp-json\/wp\/v2\/users\/2"}],"replies":[{"embeddable":true,"href":"https:\/\/hostnetart.com.br\/baixada\/wp-json\/wp\/v2\/comments?post=3625"}],"version-history":[{"count":0,"href":"https:\/\/hostnetart.com.br\/baixada\/wp-json\/wp\/v2\/posts\/3625\/revisions"}],"wp:featuredmedia":[{"embeddable":true,"href":"https:\/\/hostnetart.com.br\/baixada\/wp-json\/wp\/v2\/media\/3624"}],"wp:attachment":[{"href":"https:\/\/hostnetart.com.br\/baixada\/wp-json\/wp\/v2\/media?parent=3625"}],"wp:term":[{"taxonomy":"category","embeddable":true,"href":"https:\/\/hostnetart.com.br\/baixada\/wp-json\/wp\/v2\/categories?post=3625"},{"taxonomy":"post_tag","embeddable":true,"href":"https:\/\/hostnetart.com.br\/baixada\/wp-json\/wp\/v2\/tags?post=3625"}],"curies":[{"name":"wp","href":"https:\/\/api.w.org\/{rel}","templated":true}]}}