{"id":3619,"date":"2018-01-09T14:33:20","date_gmt":"2018-01-09T16:33:20","guid":{"rendered":"https:\/\/hostnetart.com.br\/baixada\/temer-deu-bilhoes-a-grandes-empresas-mas-veta-apoio-a-microempresario\/"},"modified":"2018-01-09T14:33:20","modified_gmt":"2018-01-09T16:33:20","slug":"temer-deu-bilhoes-a-grandes-empresas-mas-veta-apoio-a-microempresario","status":"publish","type":"post","link":"https:\/\/hostnetart.com.br\/baixada\/temer-deu-bilhoes-a-grandes-empresas-mas-veta-apoio-a-microempresario\/","title":{"rendered":"Temer deu bilh\u00f5es a grandes empresas, mas veta apoio a microempres\u00e1rio"},"content":{"rendered":"<p>Entre as justificativas apresentadas: o fato que a medida n\u00e3o apresentou um estudo mostrando seu impacto nas contas p\u00fablicas e sua previs\u00e3o de compensa\u00e7\u00e3o, far\u00e1 com que o governo desrespeite a Lei de Responsabilidade Fiscal e pode estimular empresas a n\u00e3o pagarem impostos \u00e0 espera de um parcelamento governamental.<\/p>\n<p>A informa\u00e7\u00e3o foi confirmada pelo presidente do Sebrae, Guilherme Afif Domingos, que se reuniu com Temer. A ideia, segundo ele, \u00e9 buscar resolver o problema do impacto econ\u00f4mico e, depois, pedir para o Congresso derrubar o veto.<\/p>\n<p>Sensato o pacote de justificativas, n\u00e3o? Ent\u00e3o, porque o mesmo n\u00e3o foi aplicada para barrar a concess\u00e3o de bilh\u00f5es em emendas parlamentares quando Michel Temer precisava de votos no Congresso Nacional a fim de\u00a0livrar o seu pesco\u00e7o da guilhotina da Lava Jato nas duas den\u00fancias criminais apresentadas contra ele pela Procuradoria-Geral da Rep\u00fablica?<\/p>\n<p>Qual era o paradeiro da r<a class=\"internal-link\" title=\"\" href=\"http:\/\/www.redebrasilatual.com.br\/politica\/2017\/12\/governo-adia-votacao-em-mais-uma-semana-e-tenta-outras-estrategias-para-conquista-aos-deputados\" target=\"_blank\" rel=\"noopener noreferrer\">esponsabilidade fiscal quando Temer prometeu<\/a>\u00a0\u00e0 bancada ruralista tanto a redu\u00e7\u00e3o da al\u00edquota da contribui\u00e7\u00e3o paga por produtores para custeio da\u00a0aposentadoria rural, quanto os descontos nas multas e juros de valores atrasados ao\u00a0Funrural? Uma ajudinha bilion\u00e1ria em nome da rejei\u00e7\u00e3o \u00e0s den\u00fancias criminais contra ele\u00a0na C\u00e2mara.<\/p>\n<p>Onde estava a preocupa\u00e7\u00e3o sobre o est\u00edmulo a calotes seguidos de demandas por novos parcelamento no momento em que parlamentares-empres\u00e1rios aprovaram perd\u00f5es bilion\u00e1rios em juros e multas, beneficiando a si mesmos e a grandes empresas devedoras do governo? Vale lembrar que a san\u00e7\u00e3o da medida provis\u00f3ria ocorreu logo antes da vota\u00e7\u00e3o da segunda den\u00fancia contra Temer.<\/p>\n<p>Por que n\u00e3o foi externada a preocupa\u00e7\u00e3o de que as\u00a0a\u00e7\u00f5es de\u00a0Temer e de sua\u00a0c\u00fapula de governo para sobreviver diante das den\u00fancias n\u00e3o arrombaria contas p\u00fablicas, rasgaria a Lei de Responsabilidade Fiscal e estimularia grandes empresas a n\u00e3o pagarem impostos \u00e0 espera de um parcelamento governamental?<\/p>\n<p>O correto seria n\u00e3o premiar nenhum devedor. Mas uma vez que isso aconteceu, que se garanta\u00a0isonomia. Agora, o projeto pol\u00eamico volta ao Congresso. E n\u00e3o h\u00e1 pressa. Afinal, as den\u00fancias criminais foram, por hora, engavetadas e a vota\u00e7\u00e3o da Reforma da Previd\u00eancia \u2013 quando volta o tomaladac\u00e1 \u2013 deve ocorrer\u00a0em\u00a0fevereiro.<\/p>\n<p>\u00c9 interessante que micro e pequenos empres\u00e1rios, por vezes e inadvertidamente, colocam-se ao lado dos grandes empres\u00e1rios e do mercado financeiro ao concordar com reformas e mudan\u00e7as na lei. O dono de uma pequena lanchonete que teve coragem de empreender e segue se equilibrando com muito suor n\u00e3o percebe que, do ponto de vista do Estado, est\u00e1 mais pr\u00f3ximo dos seus empregados do que das corpora\u00e7\u00f5es.<\/p>\n<p>N\u00e3o se nega a import\u00e2ncia de garantir\u00a0sa\u00eddas\u00a0para as pend\u00eancias das empresas com a Uni\u00e3o. Mas\u00a0quem teve\u00a0poder de barganha com um Michel Temer no cadafalso aproveitou o momento pol\u00edtico conturbado para salvar o pr\u00f3prio rabo e o de seus patrocinadores. Quem n\u00e3o tinha, foi\u00a0para o fim da fila.<\/p>\n<p>Parte do grande empresariado j\u00e1 trabalha com a l\u00f3gica de sonegar e esperar esses programas peri\u00f3dicos de refinanciamento de d\u00edvidas. Para que pagar impostos em dia? A lei \u00e9 para ot\u00e1rios, ou seja, pessoas f\u00edsicas e pequenos empres\u00e1rios. O que o governo federal reafirma com isso \u00e9 bem simples: paga imposto em dia quem \u00e9 empres\u00e1rio burro ou trabalhador.\u00a0<\/p>\n","protected":false},"excerpt":{"rendered":"<p>Entre as justificativas apresentadas: o fato que a medida n\u00e3o apresentou um estudo mostrando seu impacto nas contas p\u00fablicas e sua previs\u00e3o de compensa\u00e7\u00e3o, far\u00e1 com que o governo desrespeite a Lei de Responsabilidade Fiscal e pode estimular empresas a n\u00e3o pagarem impostos \u00e0 espera de um parcelamento governamental. A informa\u00e7\u00e3o foi confirmada pelo presidente [&hellip;]<\/p>\n","protected":false},"author":2,"featured_media":3618,"comment_status":"","ping_status":"","sticky":false,"template":"","format":"standard","meta":{"footnotes":""},"categories":[3],"tags":[],"class_list":["post-3619","post","type-post","status-publish","format-standard","has-post-thumbnail","hentry","category-noticias"],"_links":{"self":[{"href":"https:\/\/hostnetart.com.br\/baixada\/wp-json\/wp\/v2\/posts\/3619","targetHints":{"allow":["GET"]}}],"collection":[{"href":"https:\/\/hostnetart.com.br\/baixada\/wp-json\/wp\/v2\/posts"}],"about":[{"href":"https:\/\/hostnetart.com.br\/baixada\/wp-json\/wp\/v2\/types\/post"}],"author":[{"embeddable":true,"href":"https:\/\/hostnetart.com.br\/baixada\/wp-json\/wp\/v2\/users\/2"}],"replies":[{"embeddable":true,"href":"https:\/\/hostnetart.com.br\/baixada\/wp-json\/wp\/v2\/comments?post=3619"}],"version-history":[{"count":0,"href":"https:\/\/hostnetart.com.br\/baixada\/wp-json\/wp\/v2\/posts\/3619\/revisions"}],"wp:featuredmedia":[{"embeddable":true,"href":"https:\/\/hostnetart.com.br\/baixada\/wp-json\/wp\/v2\/media\/3618"}],"wp:attachment":[{"href":"https:\/\/hostnetart.com.br\/baixada\/wp-json\/wp\/v2\/media?parent=3619"}],"wp:term":[{"taxonomy":"category","embeddable":true,"href":"https:\/\/hostnetart.com.br\/baixada\/wp-json\/wp\/v2\/categories?post=3619"},{"taxonomy":"post_tag","embeddable":true,"href":"https:\/\/hostnetart.com.br\/baixada\/wp-json\/wp\/v2\/tags?post=3619"}],"curies":[{"name":"wp","href":"https:\/\/api.w.org\/{rel}","templated":true}]}}