{"id":3617,"date":"2018-01-09T12:59:07","date_gmt":"2018-01-09T14:59:07","guid":{"rendered":"https:\/\/hostnetart.com.br\/baixada\/justica-suspende-posse-de-ministra-do-trabalho\/"},"modified":"2018-01-09T12:59:07","modified_gmt":"2018-01-09T14:59:07","slug":"justica-suspende-posse-de-ministra-do-trabalho","status":"publish","type":"post","link":"https:\/\/hostnetart.com.br\/baixada\/justica-suspende-posse-de-ministra-do-trabalho\/","title":{"rendered":"Justi\u00e7a suspende posse de ministra do Trabalho"},"content":{"rendered":"<p>Aposse da nova ministra do Trabalho, a deputada federal Cristiane Brasil (PTB-RJ), foi suspensa por decis\u00e3o judicial, em primeira inst\u00e2ncia. Cabe recurso.<\/p>\n<p>A liminar foi concedida pelo juiz\u00a0Leonardo da Costa Couceiro, da 4\u00aa Vara Federal de Niter\u00f3i, na regi\u00e3o metropolitana do Rio de Janeiro. Ele decidiu pela suspens\u00e3o da posse porque, em exame preliminar, viu &#8220;flagrante desrespeito&#8221; \u00e0 Constitui\u00e7\u00e3o quanto \u00e0 moralidade administrativa, refer\u00eancia ao fato de a ministra indicada por Michel Temer j\u00e1 ter sido condenada em a\u00e7\u00e3o trabalhista.<\/p>\n<p>Filha do ex-deputado Roberto Jefferson, presidente do PTB e condenado por corrup\u00e7\u00e3o em 2012, Cristiane foi vereadora e secretaria municipal no Rio (gest\u00e3o Eduardo Paes). Foi eleita deputada federal em 2014 e exerceu a presid\u00eancia nacional do partido de dezembro daquele ano at\u00e9 maio de 2016.\u00a0<\/p>\n<p>A nomea\u00e7\u00e3o para o Minist\u00e9rio do Trabalho foi publicada na edi\u00e7\u00e3o da \u00faltima quinta-feira (4) do\u00a0<em>Di\u00e1rio Oficial da Uni\u00e3o<\/em>. O cargo estava vago desde 27 de dezembro, quando o tamb\u00e9m deputado Ronaldo Nogueira (PTB-RS) saiu e retornou \u00e0 C\u00e2mara.<\/p>\n","protected":false},"excerpt":{"rendered":"<p>Aposse da nova ministra do Trabalho, a deputada federal Cristiane Brasil (PTB-RJ), foi suspensa por decis\u00e3o judicial, em primeira inst\u00e2ncia. Cabe recurso. A liminar foi concedida pelo juiz\u00a0Leonardo da Costa Couceiro, da 4\u00aa Vara Federal de Niter\u00f3i, na regi\u00e3o metropolitana do Rio de Janeiro. Ele decidiu pela suspens\u00e3o da posse porque, em exame preliminar, viu [&hellip;]<\/p>\n","protected":false},"author":2,"featured_media":3616,"comment_status":"","ping_status":"","sticky":false,"template":"","format":"standard","meta":{"footnotes":""},"categories":[3],"tags":[],"class_list":["post-3617","post","type-post","status-publish","format-standard","has-post-thumbnail","hentry","category-noticias"],"_links":{"self":[{"href":"https:\/\/hostnetart.com.br\/baixada\/wp-json\/wp\/v2\/posts\/3617","targetHints":{"allow":["GET"]}}],"collection":[{"href":"https:\/\/hostnetart.com.br\/baixada\/wp-json\/wp\/v2\/posts"}],"about":[{"href":"https:\/\/hostnetart.com.br\/baixada\/wp-json\/wp\/v2\/types\/post"}],"author":[{"embeddable":true,"href":"https:\/\/hostnetart.com.br\/baixada\/wp-json\/wp\/v2\/users\/2"}],"replies":[{"embeddable":true,"href":"https:\/\/hostnetart.com.br\/baixada\/wp-json\/wp\/v2\/comments?post=3617"}],"version-history":[{"count":0,"href":"https:\/\/hostnetart.com.br\/baixada\/wp-json\/wp\/v2\/posts\/3617\/revisions"}],"wp:featuredmedia":[{"embeddable":true,"href":"https:\/\/hostnetart.com.br\/baixada\/wp-json\/wp\/v2\/media\/3616"}],"wp:attachment":[{"href":"https:\/\/hostnetart.com.br\/baixada\/wp-json\/wp\/v2\/media?parent=3617"}],"wp:term":[{"taxonomy":"category","embeddable":true,"href":"https:\/\/hostnetart.com.br\/baixada\/wp-json\/wp\/v2\/categories?post=3617"},{"taxonomy":"post_tag","embeddable":true,"href":"https:\/\/hostnetart.com.br\/baixada\/wp-json\/wp\/v2\/tags?post=3617"}],"curies":[{"name":"wp","href":"https:\/\/api.w.org\/{rel}","templated":true}]}}