{"id":3615,"date":"2018-01-09T12:57:58","date_gmt":"2018-01-09T14:57:58","guid":{"rendered":"https:\/\/hostnetart.com.br\/baixada\/bb-funcionarios-indignados-com-reestruturacao-disfarcada\/"},"modified":"2018-01-09T12:57:58","modified_gmt":"2018-01-09T14:57:58","slug":"bb-funcionarios-indignados-com-reestruturacao-disfarcada","status":"publish","type":"post","link":"https:\/\/hostnetart.com.br\/baixada\/bb-funcionarios-indignados-com-reestruturacao-disfarcada\/","title":{"rendered":"BB: Funcion\u00e1rios indignados com reestrutura\u00e7\u00e3o disfar\u00e7ada"},"content":{"rendered":"<div class=\"content\">\n<p>Os funcion\u00e1rios do Banco do Brasil criticaram as novas medidas de gest\u00e3o divulgadas pelo banco na \u00faltima sexta-feira (5), tanto pela forma como elas s\u00e3o anunciadas, sem nenhuma informa\u00e7\u00e3o pr\u00e9via aos trabalhadores ou a seus representantes, quanto pelo atropelo e erros de gest\u00e3o.<\/p>\n<p>\u201cO banco diz n\u00e3o ser uma nova reestrutura\u00e7\u00e3o, mas \u00e9. Houve o corte de cerca de mil vagas de caixa em todo o pa\u00eds. O banco alega que essas vagas apareceriam em escrit\u00f3rios e ag\u00eancias digitais. Na pr\u00e1tica, os escrit\u00f3rios digitais perderam fun\u00e7\u00f5es de assistentes e ganharam de escritur\u00e1rios, que far\u00e3o os mesmos servi\u00e7os, mas ganhando menos. Isso \u00e9 desvio de fun\u00e7\u00e3o! \u00c9 ilegal\u201d, observou Wagner Nascimento, coordenador da Comiss\u00e3o de Empresa de Funcion\u00e1rios do Banco do Brasil (CEBB). \u201cOu seja, o banco corta cargos, reduz sal\u00e1rios, cria desvio de fun\u00e7\u00e3o nos escrit\u00f3rios digitais e ainda diz que isso n\u00e3o \u00e9 reestrutura\u00e7\u00e3o\u201d, completou.<\/p>\n<p>O coordenador da CEBB critica ainda a falta de transpar\u00eancia e de di\u00e1logo. \u201cNa quinta-feira (4), estivemos reunidos at\u00e9 \u00e0 noite com a dire\u00e7\u00e3o do banco para obtermos mais informa\u00e7\u00f5es sobre o PDG (Programa Extraordin\u00e1rio de Desempenho Gratificado), que havia sido\u00a0<ins><strong><a href=\"http:\/\/www.contrafcut.org.br\/noticias\/banco-do-brasil-amplia-pdg-e-remodela-programa-de-premiacao-e68b\" target=\"_blank\" rel=\"noopener noreferrer\">anunciado no dia anterior<\/a><\/strong><\/ins>, tamb\u00e9m sem comunica\u00e7\u00e3o pr\u00e9via, e nada nos foi dito sobre estas novas mudan\u00e7as que foram anunciadas na sexta-feira. N\u00e3o \u00e9 poss\u00edvel que, sempre, as informa\u00e7\u00f5es cheguem primeiro aos meios de comunica\u00e7\u00e3o e somente depois aos funcion\u00e1rios\u201d, criticou.<\/p>\n<p>Carlos de Souza, secret\u00e1rio Geral da Confedera\u00e7\u00e3o Nacional dos Trabalhadores do Ramo Financeiro (Contraf-CUT), ressaltou que tanto a Contraf-CUT, quanto a CEBB perguntam, em todas as reuni\u00f5es que t\u00eam com a dire\u00e7\u00e3o do banco, se existem medidas de gest\u00e3o previstas para serem realizadas no banco. \u201cNo final de 2016, depois que a informa\u00e7\u00e3o sobre a reestrutura\u00e7\u00e3o vazou pela imprensa, buscamos a confirma\u00e7\u00e3o do banco, que disse que eram boatos. Desta vez, depois de uma\u00a0<ins><strong><a href=\"http:\/\/www.contrafcut.org.br\/noticias\/mais-uma-vez-funcionarios-sao-informados-pela-imprensa-sobre-reestruturacao-no-b-ff94\" target=\"_blank\" rel=\"noopener noreferrer\">mat\u00e9ria<\/a><\/strong><\/ins>\u00a0veiculada no dia 8 de dezembro, indagamos novamente o banco que voltou a desmentir a mat\u00e9ria\u201d, lembrou o dirigente da Contraf-CUT, que tamb\u00e9m \u00e9 funcion\u00e1rio do BB.<\/p>\n<p>\u201cO presidente do Banco prefere procurar os jornais para apresentar seus novos programas, do que dialogar com o conjunto dos funcion\u00e1rios para acalm\u00e1-los e acabar com a ansiedade e a ang\u00fastia que essa pol\u00edtica de reestrutura\u00e7\u00e3o sem transpar\u00eancia tem causado\u201d, complementou Carlos.<\/p>\n<p><strong>Gest\u00e3o \u00e0s avessas<\/strong><br \/>Mais uma vez os representantes dos trabalhadores refor\u00e7am o pedido de transpar\u00eancia nas informa\u00e7\u00f5es e que o banco n\u00e3o corte os sal\u00e1rios dos funcion\u00e1rios enquanto todos n\u00e3o forem realocados. \u201cNa reestrutura\u00e7\u00e3o de 2016, a dire\u00e7\u00e3o dizia que ao final tudo ia dar certo. N\u00e3o deu. Agora, segue pelo mesmo caminho, ficar\u00e3o funcion\u00e1rios sem cargos e com sal\u00e1rios reduzidos e, mais uma vez, o banco n\u00e3o se preocupou com isso antes de iniciar a reestrutura\u00e7\u00e3o\u201d, ponderou o coordenador da CEBB.<\/p>\n<p>Para Wagner Nascimento a falta de mapeamento das vagas pelo banco, cria mais apreens\u00e3o nos funcion\u00e1rios . \u201cAssim como na reestrutura\u00e7\u00e3o de 2016, s\u00e3o cortados cargos onde n\u00e3o existem vagas vagas e a conta n\u00e3o fecha, resultando em muitas fam\u00edlias desamparadas. Em Recife onde foi fechado o CENOP a situa\u00e7\u00e3o \u00e9 desesperadora, devido \u00e0 sequ\u00eancia de reestrutura\u00e7\u00f5es&#8221;, observou.<\/p>\n<p>Os representantes dos trabalhadores j\u00e1 solicitaram todas informa\u00e7\u00f5es detalhadas sobre as novas medidas, que para eles representa a continuidade da reestrutura\u00e7\u00e3o iniciada ao final de 2016. \u201cQueremos saber quantos funcion\u00e1rios perder\u00e3o suas comiss\u00f5es, quantos ser\u00e3o remanejados, de onde e para onde. Al\u00e9m disso, queremos saber quem vai ocupar os novos cargos gratificados e se todos aqueles que tiveram seus sal\u00e1rios rebaixados ser\u00e3o contemplados e se a gratifica\u00e7\u00e3o ser\u00e1 em valores semelhantes \u00e0s que foram retiradas, para que n\u00e3o haja queda de remunera\u00e7\u00e3o\u201d, disse o secret\u00e1rio geral da Contraf-CUT. \u201cPara alguns a reestrutura\u00e7\u00e3o at\u00e9 pode ser boa, mas nossa preocupa\u00e7\u00e3o tem que ser com todos os funcion\u00e1rios\u201d, alertou Carlos de Souza, ao observar que a Contraf vai buscar todos os meios necess\u00e1rios, tanto no campo jur\u00eddico quanto na mobiliza\u00e7\u00e3o para a luta no dia a dia para combater toda reestrutura\u00e7\u00e3o que prejudique os trabalhadores.<\/p>\n<p>\u00a0<\/p>\n<\/div>\n<p id=\"page-author\"><span style=\"text-decoration: underline;\"><em><strong>Fonte: Contraf-CUT<\/strong><\/em><\/span><\/p>\n","protected":false},"excerpt":{"rendered":"<p>Os funcion\u00e1rios do Banco do Brasil criticaram as novas medidas de gest\u00e3o divulgadas pelo banco na \u00faltima sexta-feira (5), tanto pela forma como elas s\u00e3o anunciadas, sem nenhuma informa\u00e7\u00e3o pr\u00e9via aos trabalhadores ou a seus representantes, quanto pelo atropelo e erros de gest\u00e3o. \u201cO banco diz n\u00e3o ser uma nova reestrutura\u00e7\u00e3o, mas \u00e9. Houve o [&hellip;]<\/p>\n","protected":false},"author":2,"featured_media":3614,"comment_status":"","ping_status":"","sticky":false,"template":"","format":"standard","meta":{"footnotes":""},"categories":[3],"tags":[],"class_list":["post-3615","post","type-post","status-publish","format-standard","has-post-thumbnail","hentry","category-noticias"],"_links":{"self":[{"href":"https:\/\/hostnetart.com.br\/baixada\/wp-json\/wp\/v2\/posts\/3615","targetHints":{"allow":["GET"]}}],"collection":[{"href":"https:\/\/hostnetart.com.br\/baixada\/wp-json\/wp\/v2\/posts"}],"about":[{"href":"https:\/\/hostnetart.com.br\/baixada\/wp-json\/wp\/v2\/types\/post"}],"author":[{"embeddable":true,"href":"https:\/\/hostnetart.com.br\/baixada\/wp-json\/wp\/v2\/users\/2"}],"replies":[{"embeddable":true,"href":"https:\/\/hostnetart.com.br\/baixada\/wp-json\/wp\/v2\/comments?post=3615"}],"version-history":[{"count":0,"href":"https:\/\/hostnetart.com.br\/baixada\/wp-json\/wp\/v2\/posts\/3615\/revisions"}],"wp:featuredmedia":[{"embeddable":true,"href":"https:\/\/hostnetart.com.br\/baixada\/wp-json\/wp\/v2\/media\/3614"}],"wp:attachment":[{"href":"https:\/\/hostnetart.com.br\/baixada\/wp-json\/wp\/v2\/media?parent=3615"}],"wp:term":[{"taxonomy":"category","embeddable":true,"href":"https:\/\/hostnetart.com.br\/baixada\/wp-json\/wp\/v2\/categories?post=3615"},{"taxonomy":"post_tag","embeddable":true,"href":"https:\/\/hostnetart.com.br\/baixada\/wp-json\/wp\/v2\/tags?post=3615"}],"curies":[{"name":"wp","href":"https:\/\/api.w.org\/{rel}","templated":true}]}}