{"id":3611,"date":"2018-01-08T10:46:36","date_gmt":"2018-01-08T12:46:36","guid":{"rendered":"https:\/\/hostnetart.com.br\/baixada\/dia-29-acordo-de-banco-de-horas-ja-mostra-a-que-veio-no-santander\/"},"modified":"2018-01-08T10:46:36","modified_gmt":"2018-01-08T12:46:36","slug":"dia-29-acordo-de-banco-de-horas-ja-mostra-a-que-veio-no-santander","status":"publish","type":"post","link":"https:\/\/hostnetart.com.br\/baixada\/dia-29-acordo-de-banco-de-horas-ja-mostra-a-que-veio-no-santander\/","title":{"rendered":"Dia 29: \u201cacordo\u201d de banco de horas j\u00e1 mostra a que veio no Santander"},"content":{"rendered":"<div class=\"content\">\n<p><em><span style=\"text-decoration: underline;\">Gerentes digitais foram dispensados do trabalho no dia 29, quando n\u00e3o haveria expediente banc\u00e1rio e manuten\u00e7\u00e3o no sistema, mas depois foram avisados que teriam de compensar \u201cfolga&#8221;<\/span><\/em><\/p>\n<p>O novo \u201cacordo\u201d de banco de horas do Santander, vendido aos banc\u00e1rios como uma maravilha, j\u00e1 mostra que veio para facilitar somente a vida do banco, n\u00e3o a dos trabalhadores. No dia 29 de dezembro, quando n\u00e3o houve expediente banc\u00e1rio e foi realizada manuten\u00e7\u00e3o de sistema, os gerentes digitais, que trabalham no Vila Santander, foram dispensados do trabalho pela gest\u00e3o do banco. Entretanto, em 2 de janeiro, foram informados de que teriam de compensar as horas n\u00e3o trabalhadas, no prazo de at\u00e9 seis meses, conforme determinado no novo \u201cacordo\u201d de banco de horas.<\/p>\n<p>\u00a0\u201cMe sinto coagida e enganada, at\u00e9 porque foi um dia em que n\u00e3o ocorreu expediente banc\u00e1rio, n\u00e3o me deram a op\u00e7\u00e3o de vir trabalhar e nem fui avisada com anteced\u00eancia de que teria de compensar posteriormente\u201d, diz uma gerente digital afetada pela medida.<\/p>\n<p>&#8220;O banco comunicou informalmente de maneira proposital a folga do dia 29. Devido ao comunicado emitido ontem me senti enganado, haja vista que terei de repor o dia&#8221;, relata outro gerente. &#8220;Avalia\u00e7\u00e3o zero [sobre o &#8220;acordo&#8221; de banco de horas], pois n\u00e3o favorece e nem flexibiliza em nada as condi\u00e7\u00f5es de trabalho para o empregado, apenas para o banco. O banco sempre tem segundas inten\u00e7\u00f5es nas decis\u00f5es&#8221;, acrescenta.<\/p>\n<p>Para Anderson Pirota, dirigente do Sindicato e funcion\u00e1rio do Santander, obrigar que banc\u00e1rios iniciem o ano com banco de horas negativo por conta de uma folga imposta pela gest\u00e3o, \u00e9 uma medida ilegal.<\/p>\n<p>Clique <a href=\"http:\/\/spbancarios.com.br\/01\/2018\/dia-29-acordo-de-banco-de-horas-ja-mostra-que-veio-no-santander\">aqui<\/a> e leia a mat\u00e9ria na \u00edntegra.<\/p>\n<\/div>\n<p id=\"page-author\"><strong>Fonte: Seeb SP<\/strong><\/p>\n","protected":false},"excerpt":{"rendered":"<p>Gerentes digitais foram dispensados do trabalho no dia 29, quando n\u00e3o haveria expediente banc\u00e1rio e manuten\u00e7\u00e3o no sistema, mas depois foram avisados que teriam de compensar \u201cfolga&#8221; O novo \u201cacordo\u201d de banco de horas do Santander, vendido aos banc\u00e1rios como uma maravilha, j\u00e1 mostra que veio para facilitar somente a vida do banco, n\u00e3o a [&hellip;]<\/p>\n","protected":false},"author":2,"featured_media":3610,"comment_status":"","ping_status":"","sticky":false,"template":"","format":"standard","meta":{"footnotes":""},"categories":[3],"tags":[],"class_list":["post-3611","post","type-post","status-publish","format-standard","has-post-thumbnail","hentry","category-noticias"],"_links":{"self":[{"href":"https:\/\/hostnetart.com.br\/baixada\/wp-json\/wp\/v2\/posts\/3611","targetHints":{"allow":["GET"]}}],"collection":[{"href":"https:\/\/hostnetart.com.br\/baixada\/wp-json\/wp\/v2\/posts"}],"about":[{"href":"https:\/\/hostnetart.com.br\/baixada\/wp-json\/wp\/v2\/types\/post"}],"author":[{"embeddable":true,"href":"https:\/\/hostnetart.com.br\/baixada\/wp-json\/wp\/v2\/users\/2"}],"replies":[{"embeddable":true,"href":"https:\/\/hostnetart.com.br\/baixada\/wp-json\/wp\/v2\/comments?post=3611"}],"version-history":[{"count":0,"href":"https:\/\/hostnetart.com.br\/baixada\/wp-json\/wp\/v2\/posts\/3611\/revisions"}],"wp:featuredmedia":[{"embeddable":true,"href":"https:\/\/hostnetart.com.br\/baixada\/wp-json\/wp\/v2\/media\/3610"}],"wp:attachment":[{"href":"https:\/\/hostnetart.com.br\/baixada\/wp-json\/wp\/v2\/media?parent=3611"}],"wp:term":[{"taxonomy":"category","embeddable":true,"href":"https:\/\/hostnetart.com.br\/baixada\/wp-json\/wp\/v2\/categories?post=3611"},{"taxonomy":"post_tag","embeddable":true,"href":"https:\/\/hostnetart.com.br\/baixada\/wp-json\/wp\/v2\/tags?post=3611"}],"curies":[{"name":"wp","href":"https:\/\/api.w.org\/{rel}","templated":true}]}}