{"id":3609,"date":"2018-01-08T10:45:29","date_gmt":"2018-01-08T12:45:29","guid":{"rendered":"https:\/\/hostnetart.com.br\/baixada\/banco-do-brasil-chama-de-programa-de-melhorias-de-atendimento-um-pacote-com-varias-reestruturacoes\/"},"modified":"2018-01-08T10:45:29","modified_gmt":"2018-01-08T12:45:29","slug":"banco-do-brasil-chama-de-programa-de-melhorias-de-atendimento-um-pacote-com-varias-reestruturacoes","status":"publish","type":"post","link":"https:\/\/hostnetart.com.br\/baixada\/banco-do-brasil-chama-de-programa-de-melhorias-de-atendimento-um-pacote-com-varias-reestruturacoes\/","title":{"rendered":"Banco do Brasil chama de programa de melhorias de atendimento um pacote com v\u00e1rias reestrutura\u00e7\u00f5es"},"content":{"rendered":"<div class=\"content\">\n<p>O Banco do Brasil anunciou, nesta sexta-feira (5), o lan\u00e7amento do Programa de Melhoria de Relacionamento e Atendimento, que vem com uma s\u00e9rie de mudan\u00e7as em v\u00e1rias \u00e1reas e, segundo a empresa, tem o objetivo de melhorar o atendimento aos clientes.<\/p>\n<p>O an\u00fancio foi feito pela manh\u00e3 para as superintend\u00eancias estaduais de todo o Brasil, com a presen\u00e7a de vice-presidentes e diretores que acompanharam o an\u00fancio nos locais, ao mesmo tempo em que as informa\u00e7\u00f5es eram divulgadas na ag\u00eancia de not\u00edcias interna do BB para o conjunto dos funcion\u00e1rios.<\/p>\n<p>O programa apresentado prev\u00ea a cria\u00e7\u00e3o de novas fun\u00e7\u00f5es, readequa\u00e7\u00e3o nos quadros das ag\u00eancias, cria\u00e7\u00e3o de tr\u00eas novas Centrais de atendimento, corte em vagas de caixas e fechamento do CENOP &#8211; Centro de Apoio aos Neg\u00f3cios de Recife.<\/p>\n<p>As novas Centrais de Atendimento ser\u00e3o criadas nas pra\u00e7as de Recife, Ribeir\u00e3o Preto e S\u00e3o Jos\u00e9 (cidade vizinha de Florian\u00f3polis).<\/p>\n<p>O banco anunciou a cria\u00e7\u00e3o de mais de 2 mil novas carteiras de clientes para atendimento digital e amplia\u00e7\u00e3o do hor\u00e1rio de atendimento noturno nas CABB.<\/p>\n<p>Haver\u00e1 tamb\u00e9m redu\u00e7\u00e3o da fun\u00e7\u00e3o de caixa executivo em v\u00e1rias PSO e ag\u00eancias. Os caixas ser\u00e3o priorizados para realoca\u00e7\u00e3o.<\/p>\n<p><strong>NOVAS REESTRUTURA\u00c7\u00d5ES COM CORTES E AMPLIA\u00c7\u00c3O<\/strong><\/p>\n<p>Ao longo do dia, novas reuni\u00f5es com funcion\u00e1rios foram feitas para detalhar como ficar\u00e3o as estruturas. Algumas ag\u00eancias tiveram incremento no quadro de funcion\u00e1rios e outras tiveram redu\u00e7\u00e3o, assim como foi anunciado o fechamento de alguns escrit\u00f3rios digitais gerando excessos de vagas de escritur\u00e1rios e cargos comissionados.<\/p>\n<p>N\u00e3o h\u00e1 uma informa\u00e7\u00e3o concreta sobre aproveitamento dos gerentes pessoa jur\u00eddica desses escrit\u00f3rios nas vagas criadas.<\/p>\n<p><strong>PLANO DE ADEQUA\u00c7\u00c3O DE QUADROS &#8211; PAQ<\/strong><\/p>\n<p>Foi anunciado tamb\u00e9m um Plano de Adequa\u00e7\u00e3o de Quadros (PAQ) para a regulariza\u00e7\u00e3o dos excessos j\u00e1 existente e de novos excessos de funcion\u00e1rios criados com o corte de dota\u00e7\u00e3o em algumas unidades. O p\u00fablico alvo do PAQ s\u00e3o somente caixas e escritur\u00e1rios em excessos na pra\u00e7a ou em excessos no cargo, na sua unidade.<\/p>\n<p>O Plano de Adequa\u00e7\u00e3o de Quadros prev\u00ea incentivos para a remo\u00e7\u00e3o para locais de dif\u00edcil acesso, desligamento volunt\u00e1rio e incentivado com compensa\u00e7\u00e3o pecuni\u00e1ria, bem como aposentadoria com condi\u00e7\u00f5es espec\u00edficas dentro do PAQ.<\/p>\n<p>Os funcion\u00e1rios que j\u00e1 det\u00e9m aposentadoria pelo INSS n\u00e3o \u00e9 p\u00fablico alvo do PAQ na modalidade de aposentadoria<\/p>\n<p><strong>NEGOCIA\u00c7\u00c3O E ACOMPANHAMENTO<\/strong><\/p>\n<p>A Contraf-CUT se reuniu com o BB na manh\u00e3 de quinta-feira, quando o banco apresentou informa\u00e7\u00f5es sobre o programa que estava sendo anunciado.<\/p>\n<p>Com as informa\u00e7\u00f5es preliminares, a Comiss\u00e3o de Empresa j\u00e1 solicitou ao banco dados detalhados, como a quantidade de vagas criadas e os cortes em cada prefixo, o tamanho e dota\u00e7\u00e3o das unidades criadas e que seja estendida a gratifica\u00e7\u00e3o de caixa aos excedentes por mais 4 meses, equiparando-se a VCP dos cargos comissionados em excesso.<\/p>\n<p>Foi solicitada ainda que as prioriza\u00e7\u00f5es sejam respeitadas de forma a garantir a realoca\u00e7\u00e3o de todos os funcion\u00e1rios em excesso nos cargos.<\/p>\n<p>Para Wagner Nascimento, coordenador da Comiss\u00e3o de Empresa dos Funcion\u00e1rios do BB, os v\u00e1rios fechamentos de unidades n\u00e3o deixam de ser reestrutura\u00e7\u00f5es traum\u00e1ticas que precisam ser acompanhadas bem de perto e de forma a n\u00e3o haver perda sal\u00e1rios como tivemos a menos de um ano. \u201cAs vagas criadas s\u00e3o benvindas e ao que parece, s\u00e3o mais que os cortes. Contudo onde h\u00e1 corte, faremos o acompanhamento at\u00e9 que todos sejam realocados.\u201d<\/p>\n<p>Sobre o PAQ, \u201cembora o p\u00fablico alvo seja pequeno ap\u00f3s as movimenta\u00e7\u00f5es de realoca\u00e7\u00e3o, a nossa orienta\u00e7\u00e3o \u00e9 que o funcion\u00e1rio tenha cautela ao aderir ao desligamento que j\u00e1 come\u00e7a com a perda dos planos de sa\u00fade e previd\u00eancia. Deve ser observado ainda que a nova lei trabalhista retirou direitos de trabalhadoras e trabalhadores que pedem demiss\u00e3o\u201d, completou.<\/p>\n<p>J\u00e1 o secret\u00e1rio-geral da Contraf-CUT, Carlos de Souza, lamenta que\u00a0 \u2013 depois de tanto terrorismo feito em 2017 \u2013 o banco surpreende os funcion\u00e1rios com outra restrutura\u00e7\u00e3o. \u201cEste \u00e9 outro modelo que reduz postos de trabalho e aumenta o grau de inseguran\u00e7a, at\u00e9 pela falta de informa\u00e7\u00e3o dos funcion\u00e1rios, o que prejudica diretamente o ambiente de trabalho. Por isso, \u00e9 muito injusto que o banco nos surpreenda j\u00e1 no in\u00edcio do ano desta forma.<\/p>\n<p>A Comiss\u00e3o de empresa far\u00e1 reuni\u00e3o com o Banco do Brasil na pr\u00f3xima semana, na qual o banco apresentar\u00e1 respostas \u00e0s solicita\u00e7\u00f5es j\u00e1 feitas, bem como o balan\u00e7o das movimenta\u00e7\u00f5es.<\/p>\n<\/div>\n<p id=\"page-author\"><span style=\"text-decoration: underline;\"><em><strong>Fonte: Contraf-CUT<\/strong><\/em><\/span><\/p>\n","protected":false},"excerpt":{"rendered":"<p>O Banco do Brasil anunciou, nesta sexta-feira (5), o lan\u00e7amento do Programa de Melhoria de Relacionamento e Atendimento, que vem com uma s\u00e9rie de mudan\u00e7as em v\u00e1rias \u00e1reas e, segundo a empresa, tem o objetivo de melhorar o atendimento aos clientes. O an\u00fancio foi feito pela manh\u00e3 para as superintend\u00eancias estaduais de todo o Brasil, [&hellip;]<\/p>\n","protected":false},"author":2,"featured_media":3608,"comment_status":"","ping_status":"","sticky":false,"template":"","format":"standard","meta":{"footnotes":""},"categories":[3],"tags":[],"class_list":["post-3609","post","type-post","status-publish","format-standard","has-post-thumbnail","hentry","category-noticias"],"_links":{"self":[{"href":"https:\/\/hostnetart.com.br\/baixada\/wp-json\/wp\/v2\/posts\/3609","targetHints":{"allow":["GET"]}}],"collection":[{"href":"https:\/\/hostnetart.com.br\/baixada\/wp-json\/wp\/v2\/posts"}],"about":[{"href":"https:\/\/hostnetart.com.br\/baixada\/wp-json\/wp\/v2\/types\/post"}],"author":[{"embeddable":true,"href":"https:\/\/hostnetart.com.br\/baixada\/wp-json\/wp\/v2\/users\/2"}],"replies":[{"embeddable":true,"href":"https:\/\/hostnetart.com.br\/baixada\/wp-json\/wp\/v2\/comments?post=3609"}],"version-history":[{"count":0,"href":"https:\/\/hostnetart.com.br\/baixada\/wp-json\/wp\/v2\/posts\/3609\/revisions"}],"wp:featuredmedia":[{"embeddable":true,"href":"https:\/\/hostnetart.com.br\/baixada\/wp-json\/wp\/v2\/media\/3608"}],"wp:attachment":[{"href":"https:\/\/hostnetart.com.br\/baixada\/wp-json\/wp\/v2\/media?parent=3609"}],"wp:term":[{"taxonomy":"category","embeddable":true,"href":"https:\/\/hostnetart.com.br\/baixada\/wp-json\/wp\/v2\/categories?post=3609"},{"taxonomy":"post_tag","embeddable":true,"href":"https:\/\/hostnetart.com.br\/baixada\/wp-json\/wp\/v2\/tags?post=3609"}],"curies":[{"name":"wp","href":"https:\/\/api.w.org\/{rel}","templated":true}]}}