{"id":3603,"date":"2018-01-05T12:47:41","date_gmt":"2018-01-05T14:47:41","guid":{"rendered":"https:\/\/hostnetart.com.br\/baixada\/sete-em-cada-dez-brasileiros-sao-contrarios-as-privatizacoes\/"},"modified":"2018-01-05T12:47:41","modified_gmt":"2018-01-05T14:47:41","slug":"sete-em-cada-dez-brasileiros-sao-contrarios-as-privatizacoes","status":"publish","type":"post","link":"https:\/\/hostnetart.com.br\/baixada\/sete-em-cada-dez-brasileiros-sao-contrarios-as-privatizacoes\/","title":{"rendered":"Sete em cada dez brasileiros s\u00e3o contr\u00e1rios \u00e0s privatiza\u00e7\u00f5es"},"content":{"rendered":"<p>Uma importante pesquisa publicada pelo Datafolha mostrou que sete entre dez brasileiros s\u00e3o contr\u00e1rios \u00e0 privatiza\u00e7\u00e3o de empresas p\u00fablicas, pol\u00edtica que o governo golpista de Michel Temer vem tentando p\u00f4r em pr\u00e1tica para beneficiar empresas e bancos nacionais e estrangeiros. A maior parte dos brasileiros \u2013 67% \u2013 tamb\u00e9m acredita que a venda de estatais gera mais preju\u00edzo do que benef\u00edcio para a popula\u00e7\u00e3o.<\/p>\n<p>Foram ouvidas 2.765 pessoas com margem de erro de dois pontos percentuais. De acordo com a pesquisa do Datafolha, os moradores do Norte e Nordeste s\u00e3o os mais resistentes \u00e0 desestatiza\u00e7\u00e3o, com 78% e 76% respectivamente. No Sudeste, 67% s\u00e3o contr\u00e1rios tamb\u00e9m.<\/p>\n<p>A oposi\u00e7\u00e3o \u00e0s privatiza\u00e7\u00f5es foi encontrada em todos os estratos sociais. Apenas entre pessoas com renda de dez sal\u00e1rios m\u00ednimos por m\u00eas, a pol\u00edtica \u00e9 aprovada em maioria. At\u00e9 entre eleitores do PSDB, um dos partidos do golpe e que aprova este tipo de medida, a privatiza\u00e7\u00e3o \u00e9 recha\u00e7ada com 55% de tucanos contr\u00e1rios.<\/p>\n<p><strong><em>Geradoras do desenvolvimento<\/em><\/strong><\/p>\n<p>De acordo com especialistas ouvidos pelo jornal Folha de S. Paulo, \u00e9 justamente a resist\u00eancia \u00e0s privatiza\u00e7\u00f5es que dificulta o governo a vender as estatais, como no caso da Eletrobras. A venda da Petrobras tamb\u00e9m \u00e9 recha\u00e7ada por 70% da popula\u00e7\u00e3o. Ministros e pessoas ligadas ao governo golpista j\u00e1 deram declara\u00e7\u00f5es afirmando que existe a inten\u00e7\u00e3o de privatizar a empresa que passa por um processo de desmonte, o que seria uma prepara\u00e7\u00e3o para a sua venda.<\/p>\n","protected":false},"excerpt":{"rendered":"<p>Uma importante pesquisa publicada pelo Datafolha mostrou que sete entre dez brasileiros s\u00e3o contr\u00e1rios \u00e0 privatiza\u00e7\u00e3o de empresas p\u00fablicas, pol\u00edtica que o governo golpista de Michel Temer vem tentando p\u00f4r em pr\u00e1tica para beneficiar empresas e bancos nacionais e estrangeiros. A maior parte dos brasileiros \u2013 67% \u2013 tamb\u00e9m acredita que a venda de estatais [&hellip;]<\/p>\n","protected":false},"author":2,"featured_media":3602,"comment_status":"","ping_status":"","sticky":false,"template":"","format":"standard","meta":{"footnotes":""},"categories":[3],"tags":[],"class_list":["post-3603","post","type-post","status-publish","format-standard","has-post-thumbnail","hentry","category-noticias"],"_links":{"self":[{"href":"https:\/\/hostnetart.com.br\/baixada\/wp-json\/wp\/v2\/posts\/3603","targetHints":{"allow":["GET"]}}],"collection":[{"href":"https:\/\/hostnetart.com.br\/baixada\/wp-json\/wp\/v2\/posts"}],"about":[{"href":"https:\/\/hostnetart.com.br\/baixada\/wp-json\/wp\/v2\/types\/post"}],"author":[{"embeddable":true,"href":"https:\/\/hostnetart.com.br\/baixada\/wp-json\/wp\/v2\/users\/2"}],"replies":[{"embeddable":true,"href":"https:\/\/hostnetart.com.br\/baixada\/wp-json\/wp\/v2\/comments?post=3603"}],"version-history":[{"count":0,"href":"https:\/\/hostnetart.com.br\/baixada\/wp-json\/wp\/v2\/posts\/3603\/revisions"}],"wp:featuredmedia":[{"embeddable":true,"href":"https:\/\/hostnetart.com.br\/baixada\/wp-json\/wp\/v2\/media\/3602"}],"wp:attachment":[{"href":"https:\/\/hostnetart.com.br\/baixada\/wp-json\/wp\/v2\/media?parent=3603"}],"wp:term":[{"taxonomy":"category","embeddable":true,"href":"https:\/\/hostnetart.com.br\/baixada\/wp-json\/wp\/v2\/categories?post=3603"},{"taxonomy":"post_tag","embeddable":true,"href":"https:\/\/hostnetart.com.br\/baixada\/wp-json\/wp\/v2\/tags?post=3603"}],"curies":[{"name":"wp","href":"https:\/\/api.w.org\/{rel}","templated":true}]}}