{"id":3601,"date":"2018-01-05T12:39:44","date_gmt":"2018-01-05T14:39:44","guid":{"rendered":"https:\/\/hostnetart.com.br\/baixada\/quem-e-a-nova-ministra-do-trabalho-de-temer\/"},"modified":"2018-01-05T12:39:44","modified_gmt":"2018-01-05T14:39:44","slug":"quem-e-a-nova-ministra-do-trabalho-de-temer","status":"publish","type":"post","link":"https:\/\/hostnetart.com.br\/baixada\/quem-e-a-nova-ministra-do-trabalho-de-temer\/","title":{"rendered":"Quem \u00e9 a nova ministra do Trabalho de Temer"},"content":{"rendered":"<p>A nova ministra do trabalho do governo Michel Temer, a deputada federal Cristiane Brasil (PTB-RJ), tem um curr\u00edculo de arrepiar os cabelos do trabalhador brasileiro. N\u00e3o bastasse ser filha de Roberto Jefferson, o ex-deputado que foi condenado e preso por envolvido no chamado caso do mensal\u00e3o, no qual foi o principal delator, a parlamentar tem antecedentes em sua trajet\u00f3ria que s\u00f3 justificam sua escolha, na atual conjuntura de conchavos e comprometimento pol\u00edtico que garantem for\u00e7a do Pal\u00e1cio do Planalto no Congresso Nacional para aprovar projetos que retiram direitos dos trabalhadores e proteger Temer das den\u00fancias que recaem sobre ele, de corrup\u00e7\u00e3o passiva, organiza\u00e7\u00e3o criminosa e obstru\u00e7\u00e3o de Justi\u00e7a.<\/p>\n<p><strong><em>Decotes e minissaias<\/em><\/strong><\/p>\n<p>Como deputada, a petropolitana Cristiane Brasil jamais apresentou uma proposta para defender o trabalhador. Entre seus estranhos e pol\u00eamicos projetos, est\u00e1 um que resultou em calorosos protestos dos servidores da C\u00e2mara: ela queria criar um c\u00f3digo de vestimenta, que proibiria as funcion\u00e1rias de usarem minissaias e decotes dos corredores e sal\u00f5es da Casa.<\/p>\n<p><strong><em>Golpista<\/em><\/strong><\/p>\n<p>\u00a0Em abril de 2016 Cristiane era tamb\u00e9m presidente de seu partido, o PTB e um de seus \u00faltimos atos \u00e0 frente da sigla foi justamente fechar a quest\u00e3o a favor do impeachment de Dilma Rousseff. No dia da vota\u00e7\u00e3o na C\u00e2mara, ela usou o s\u00edmbolo dos favor\u00e1veis \u00e0 sa\u00edda da ex-presidente, a camisa da sele\u00e7\u00e3o brasileira, para declarar seu voto. No discurso, admitiu sua retalia\u00e7\u00e3o ao lembrar da cassa\u00e7\u00e3o do mandado do pai, onze anos antes, e votou pelo afastamento de Dilma em &#8220;homenagem&#8221; ao pai.<\/p>\n<p><em><strong>Retirou direitos<\/strong><\/em><\/p>\n<p>\u00a0Em 2017 Cristiane apoiou o governo Temer em quest\u00f5es decisivas, como a PEC do Teto dos Gastos P\u00fablicos, que reduzir\u00e1 investimentos em setores como sa\u00fade, educa\u00e7\u00e3o, habita\u00e7\u00e3o e saneamento b\u00e1sico, nos pr\u00f3ximos 20 anos. Em rela\u00e7\u00e3o \u00e0s propostas que prejudicam o trabalhador e atendem aos setores mais reacion\u00e1rios do empresariado, a nova ministra do Trabalho sempre ficou do lado patronal. Votou a favor da amplia\u00e7\u00e3o da terceiriza\u00e7\u00e3o e da reforma trabalhista.<\/p>\n<p>Apesar de sua postura \u201cmoralista\u201d, votou contra a abertura de investiga\u00e7\u00e3o de Temer, que poderia afast\u00e1-lo da presid\u00eancia da Rep\u00fablica.<\/p>\n<p><em><strong>Quem \u00e9 o suplente<\/strong><\/em><\/p>\n<p>Com a ida para o Minist\u00e9rio, Cristiane deixa aberto seu lugar na C\u00e2mara, que ser\u00e1 ocupado pelo suplente Nelson Nahin (PSD-RJ), irm\u00e3o do ex-governador do Rio de Janeiro Anthony Garotinho, ex-presidi\u00e1rio, condenado por explora\u00e7\u00e3o sexual de meninas.<\/p>\n<p><strong><em>Cristiane foi condenada a apagar R$60 mil por d\u00edvida trabalhista<\/em><\/strong><\/p>\n<p>A nova ministra do Trabalho de Temer, Cristiane Brasil, al\u00e9m de sua posi\u00e7\u00e3o patronal, parece n\u00e3o ser uma boa patroa. Foi condenada, em 2016, a pagar R$60,4 mil a um motorista que prestava servi\u00e7os para ela e sua fam\u00edlia. Na \u00e9poca, a decis\u00e3o do tribunal Regional do Trabalho da 1\u00aa Regi\u00e3o foi confirmada em segunda inst\u00e2ncia.<\/p>\n<p>De acordo com o juiz Pedro Figueiredo Waib, da primeira inst\u00e2ncia, o funcion\u00e1rio n\u00e3o teve a carteira de trabalho assinada e, por isso, deveria receber todo o dinheiro a que tinha direito referente \u00e0s f\u00e9rias, aviso pr\u00e9vio e gratifica\u00e7\u00f5es natalinas. A carga hor\u00e1ria do funcion\u00e1rio era de cerca de 15 horas por dia.<\/p>\n<p>Agora, a parlamentar s\u00f3 pode recorrer ao Tribunal Superior do Trabalho, para tentar reduzir o valor da indeniza\u00e7\u00e3o.<\/p>\n<p>Tudo \u00e9 ruim na indica\u00e7\u00e3o da filha de Roberto Jefferson. Como diz o ditado popular, no atual governo \u201cn\u00e3o h\u00e1 t\u00e3o ruim que n\u00e3o possa piorar\u201d<\/p>\n","protected":false},"excerpt":{"rendered":"<p>A nova ministra do trabalho do governo Michel Temer, a deputada federal Cristiane Brasil (PTB-RJ), tem um curr\u00edculo de arrepiar os cabelos do trabalhador brasileiro. N\u00e3o bastasse ser filha de Roberto Jefferson, o ex-deputado que foi condenado e preso por envolvido no chamado caso do mensal\u00e3o, no qual foi o principal delator, a parlamentar tem [&hellip;]<\/p>\n","protected":false},"author":2,"featured_media":3600,"comment_status":"","ping_status":"","sticky":false,"template":"","format":"standard","meta":{"footnotes":""},"categories":[3],"tags":[],"class_list":["post-3601","post","type-post","status-publish","format-standard","has-post-thumbnail","hentry","category-noticias"],"_links":{"self":[{"href":"https:\/\/hostnetart.com.br\/baixada\/wp-json\/wp\/v2\/posts\/3601","targetHints":{"allow":["GET"]}}],"collection":[{"href":"https:\/\/hostnetart.com.br\/baixada\/wp-json\/wp\/v2\/posts"}],"about":[{"href":"https:\/\/hostnetart.com.br\/baixada\/wp-json\/wp\/v2\/types\/post"}],"author":[{"embeddable":true,"href":"https:\/\/hostnetart.com.br\/baixada\/wp-json\/wp\/v2\/users\/2"}],"replies":[{"embeddable":true,"href":"https:\/\/hostnetart.com.br\/baixada\/wp-json\/wp\/v2\/comments?post=3601"}],"version-history":[{"count":0,"href":"https:\/\/hostnetart.com.br\/baixada\/wp-json\/wp\/v2\/posts\/3601\/revisions"}],"wp:featuredmedia":[{"embeddable":true,"href":"https:\/\/hostnetart.com.br\/baixada\/wp-json\/wp\/v2\/media\/3600"}],"wp:attachment":[{"href":"https:\/\/hostnetart.com.br\/baixada\/wp-json\/wp\/v2\/media?parent=3601"}],"wp:term":[{"taxonomy":"category","embeddable":true,"href":"https:\/\/hostnetart.com.br\/baixada\/wp-json\/wp\/v2\/categories?post=3601"},{"taxonomy":"post_tag","embeddable":true,"href":"https:\/\/hostnetart.com.br\/baixada\/wp-json\/wp\/v2\/tags?post=3601"}],"curies":[{"name":"wp","href":"https:\/\/api.w.org\/{rel}","templated":true}]}}