{"id":3599,"date":"2018-01-05T12:35:38","date_gmt":"2018-01-05T14:35:38","guid":{"rendered":"https:\/\/hostnetart.com.br\/baixada\/a-economia-esta-melhorando-para-quem\/"},"modified":"2018-01-05T12:35:38","modified_gmt":"2018-01-05T14:35:38","slug":"a-economia-esta-melhorando-para-quem","status":"publish","type":"post","link":"https:\/\/hostnetart.com.br\/baixada\/a-economia-esta-melhorando-para-quem\/","title":{"rendered":"A economia est\u00e1 melhorando? Para quem?"},"content":{"rendered":"<p><em><span style=\"text-decoration: underline;\">Dados refor\u00e7am que o avan\u00e7o dos indicadores propagados por governo e imprensa comercial est\u00e1 muito longe de beneficiar os brasileiros<\/span><\/em><\/p>\n<p>Os consumidores de informa\u00e7\u00f5es veiculadas pela grande m\u00eddia comercial se deparam a todo momento com not\u00edcias e comentaristas martelando bons \u00edndices econ\u00f4micos, como a queda dos juros b\u00e1sicos, super\u00e1vit da balan\u00e7a comercial e cria\u00e7\u00e3o de empregos \u2013 mesmo com a elimina\u00e7\u00e3o de mais de 12 mil postos de trabalho apenas em novembro.<\/p>\n<p>Entretanto, recortes de dados mais aprofundados refor\u00e7am que essa suposta melhoria da economia est\u00e1 longe de beneficiar a popula\u00e7\u00e3o.<\/p>\n<p>At\u00e9 o trimestre encerrado em novembro, a taxa de desemprego estava em 12%, segundo a Pesquisa Nacional por Amostragem de Domic\u00edlios (Pnad Continua) do IBGE (Instituto Brasileiro de Geografia e Estat\u00edstica), o que significa 12,6 milh\u00f5es de pessoas desocupadas no pa\u00eds.<\/p>\n<p>Segundo a pesquisa do IBGE, cerca da metade dos trabalhadores brasileiros sequer recebe um sal\u00e1rio-m\u00ednimo por m\u00eas, cujo novo valor, de R$ 954, determinado pelo presidente n\u00e3o eleito Michel Temer, representa aumento de 1,8% em rela\u00e7\u00e3o ao piso anterior, de R$ 937. O aumento sequer corrige as perdas para a infla\u00e7\u00e3o, que deve fechar o ano em torno de 2,8%. \u00a0<\/p>\n<p>Apenas os custos com alimenta\u00e7\u00e3o, ou seja, o valor da cesta b\u00e1sica, estavam, em novembro, entre R$ 327,85 (a mais barata, em Recife) e R$ 444,16 (a mais cara, em Porto Alegre), conforme levantamento do Dieese (Departamento Intersindical de Estat\u00edstica e Estudos Socioecon\u00f4micos).<\/p>\n<p>Ainda segundo o IBGE, dos 88,9 milh\u00f5es de trabalhadores ocupados em 2016, 44,4 milh\u00f5es recebiam, em m\u00e9dia, o equivalente a 85% do valor do sal\u00e1rio-m\u00ednimo vigente, ou R$ 747. Por outro lado, 889 mil pessoas (1% do total da popula\u00e7\u00e3o empregada) recebia, em m\u00e9dia, R$ 27 mil mensais, o que coloca o Brasil na d\u00e9cima posi\u00e7\u00e3o do ranking de pa\u00edses mais desiguais do mundo.<\/p>\n<p><em><strong>Refor\u00e7o \u00e0 injusti\u00e7a social<\/strong><\/em><\/p>\n<p>Levantamento da ONG brit\u00e2nica Oxfam divulgado em setembro revelou que os 5% mais ricos det\u00eam a mesma fatia de renda que os demais 95% da popula\u00e7\u00e3o. Al\u00e9m disso, mostra que os super ricos (0,1% da popula\u00e7\u00e3o brasileira hoje) ganham em um m\u00eas o mesmo que uma pessoa que recebe um sal\u00e1rio m\u00ednimo ganharia trabalhando por 19 anos seguidos.<\/p>\n<p>A mis\u00e9ria est\u00e1 voltando a patamares anteriores ao in\u00edcio da crise econ\u00f4mica, aponta o documento S\u00edntese de Indicadores Sociais, do IBGE. O levantamento revela que, em 2016, o n\u00famero de brasileiros vivendo com rendimentos mensais abaixo de um quarto do sal\u00e1rio-m\u00ednimo havia aumentado 53% em compara\u00e7\u00e3o com 2014, alcan\u00e7ando 24,8 milh\u00f5es de pessoas, ou seja, 12,1% do total da popula\u00e7\u00e3o vivem na \u201cpobreza extrema\u201d.<\/p>\n<p>Conforme divulgou o IBGE em dezembro, 52,2 milh\u00f5es de pessoas viviam abaixo da linha de pobreza em 2016, ou 25,4% da popula\u00e7\u00e3o. No caso da pobreza extrema, eram 13,35 milh\u00f5es de pessoas, 6,5% da popula\u00e7\u00e3o.<\/p>\n<p>Em artigo ao jornal El Pa\u00eds, o escritor Luiz Ruffato avalia que a m\u00e1 qualidade da educa\u00e7\u00e3o p\u00fablica \u2013 o Brasil ocupa o pen\u00faltimo lugar no ranking da Organiza\u00e7\u00e3o para a Coopera\u00e7\u00e3o e Desenvolvimento Econ\u00f4mico (OCDE) \u2013 explica a aliena\u00e7\u00e3o da popula\u00e7\u00e3o em rela\u00e7\u00e3o \u00e0s quest\u00f5es coletivas.\u00a0 Para Ruffato, a falta de acesso a conhecimento resulta em dificuldade de compreender o mundo e, por consequ\u00eancia, de tentar mudar a realidade \u00e0 nossa volta. Assim tamb\u00e9m a pobreza. \u00a0<\/p>\n<p>\u201cUma popula\u00e7\u00e3o premida por solucionar cotidianamente quest\u00f5es prim\u00e1rias de sobreviv\u00eancia individual \u2013 comida e teto \u2013 e que n\u00e3o alimenta a menor esperan\u00e7a de que amanh\u00e3 ser\u00e1 um dia melhor, n\u00e3o tem energia para despender na resolu\u00e7\u00e3o de problemas coletivos. Junte-se a isso a total desmoraliza\u00e7\u00e3o da classe pol\u00edtica e do Poder Judici\u00e1rio, e o resultado \u00e9 esse que estamos assistindo: o desd\u00e9m pelas pr\u00f3ximas elei\u00e7\u00f5es\u201d, opina o escritor.<\/p>\n<p>Relat\u00f3rio recente do Banco Mundial aponta que embora as habilidades de brasileiros de 15 anos tenham melhorado nos \u00faltimos anos, no ritmo atual de avan\u00e7o eles n\u00e3o atingir\u00e3o a nota m\u00e9dia dos pa\u00edses ricos em matem\u00e1tica por 75 anos. Em leitura, vai demorar mais de 260 anos.<\/p>\n<p>Como sentenciou o antrop\u00f3logo e escritor Darcy Ribeiro, \u201ca crise da educa\u00e7\u00e3o no Brasil n\u00e3o \u00e9 crise; \u00e9 um projeto\u201d.<\/p>\n","protected":false},"excerpt":{"rendered":"<p>Dados refor\u00e7am que o avan\u00e7o dos indicadores propagados por governo e imprensa comercial est\u00e1 muito longe de beneficiar os brasileiros Os consumidores de informa\u00e7\u00f5es veiculadas pela grande m\u00eddia comercial se deparam a todo momento com not\u00edcias e comentaristas martelando bons \u00edndices econ\u00f4micos, como a queda dos juros b\u00e1sicos, super\u00e1vit da balan\u00e7a comercial e cria\u00e7\u00e3o de [&hellip;]<\/p>\n","protected":false},"author":2,"featured_media":3598,"comment_status":"","ping_status":"","sticky":false,"template":"","format":"standard","meta":{"footnotes":""},"categories":[3],"tags":[],"class_list":["post-3599","post","type-post","status-publish","format-standard","has-post-thumbnail","hentry","category-noticias"],"_links":{"self":[{"href":"https:\/\/hostnetart.com.br\/baixada\/wp-json\/wp\/v2\/posts\/3599","targetHints":{"allow":["GET"]}}],"collection":[{"href":"https:\/\/hostnetart.com.br\/baixada\/wp-json\/wp\/v2\/posts"}],"about":[{"href":"https:\/\/hostnetart.com.br\/baixada\/wp-json\/wp\/v2\/types\/post"}],"author":[{"embeddable":true,"href":"https:\/\/hostnetart.com.br\/baixada\/wp-json\/wp\/v2\/users\/2"}],"replies":[{"embeddable":true,"href":"https:\/\/hostnetart.com.br\/baixada\/wp-json\/wp\/v2\/comments?post=3599"}],"version-history":[{"count":0,"href":"https:\/\/hostnetart.com.br\/baixada\/wp-json\/wp\/v2\/posts\/3599\/revisions"}],"wp:featuredmedia":[{"embeddable":true,"href":"https:\/\/hostnetart.com.br\/baixada\/wp-json\/wp\/v2\/media\/3598"}],"wp:attachment":[{"href":"https:\/\/hostnetart.com.br\/baixada\/wp-json\/wp\/v2\/media?parent=3599"}],"wp:term":[{"taxonomy":"category","embeddable":true,"href":"https:\/\/hostnetart.com.br\/baixada\/wp-json\/wp\/v2\/categories?post=3599"},{"taxonomy":"post_tag","embeddable":true,"href":"https:\/\/hostnetart.com.br\/baixada\/wp-json\/wp\/v2\/tags?post=3599"}],"curies":[{"name":"wp","href":"https:\/\/api.w.org\/{rel}","templated":true}]}}