{"id":3597,"date":"2018-01-04T21:41:16","date_gmt":"2018-01-04T23:41:16","guid":{"rendered":"https:\/\/hostnetart.com.br\/baixada\/dieese-lanca-campanha-nacional-de-fortalecimento-institucional\/"},"modified":"2018-01-04T21:41:16","modified_gmt":"2018-01-04T23:41:16","slug":"dieese-lanca-campanha-nacional-de-fortalecimento-institucional","status":"publish","type":"post","link":"https:\/\/hostnetart.com.br\/baixada\/dieese-lanca-campanha-nacional-de-fortalecimento-institucional\/","title":{"rendered":"Dieese lan\u00e7a campanha nacional de fortalecimento institucional"},"content":{"rendered":"<p><em><span style=\"text-decoration: underline;\">\u200bMaior amea\u00e7a \u00e0 sobreviv\u00eancia do Dieese \u00e9 provocada pela crise econ\u00f4mica<\/span><\/em><\/p>\n<p>Aten\u00e7\u00e3o, entidades sindicais, trabalhadores e pessoas f\u00edsicas de todo o Brasil! Criado h\u00e1 62 anos, exatamente na data de 22 de dezembro de 1955, o Departamento Intersindical de Estat\u00edstica e Estudos Socioecon\u00f4micos (Dieese) precisa urgentemente de apoio para continuar ajudando o movimento sindical a responder aos desafios colocados \u00e0 classe trabalhadora, agora mais complexos. Os tempos s\u00e3o dif\u00edceis e exigem ousadia, novas ideias, criatividade, capacita\u00e7\u00e3o, vis\u00e3o estrat\u00e9gica, t\u00e1ticas de negocia\u00e7\u00e3o e muita unidade.<\/p>\n<p>Para enfrentar uma severa crise que atinge a sociedade e o Estado brasileiro, sob o impacto de uma situa\u00e7\u00e3o dif\u00edcil provocada pelas agudas amea\u00e7as aos direitos dos trabalhadores e \u00e0 organiza\u00e7\u00e3o sindical, na esteira da famigerada reforma trabalhista perpetrada pelo governo ileg\u00edtimo de Michel Temer, o Dieese promove uma campanha nacional para captar recursos financeiros com vistas \u00e0 constitui\u00e7\u00e3o de um Fundo de Desenvolvimento Institucional. O objetivo \u00e9 assegurar a sustentabilidade econ\u00f4mica da institui\u00e7\u00e3o e permitir a intensifica\u00e7\u00e3o dos trabalhos de assessoria t\u00e9cnica para as entidades sindicais do pa\u00eds.<\/p>\n<p>Essa campanha de capta\u00e7\u00e3o de recursos visa, sobretudo, manter de p\u00e9 uma entidade que atua como patrim\u00f4nio dos sindicatos a servi\u00e7o da classe trabalhadora. Para contribuir e investir nessa causa, a recomenda\u00e7\u00e3o \u00e9 para que as entidades sindicais filiadas, em torno de 700 em todo o pa\u00eds, destinem o aporte de uma 13\u00aa mensalidade, al\u00e9m da divulga\u00e7\u00e3o da campanha de apoio no \u00e2mbito de suas bases. Para os n\u00e3o s\u00f3cios, a solicita\u00e7\u00e3o \u00e9 de uma contribui\u00e7\u00e3o financeira, que dar\u00e1 acesso a alguns servi\u00e7os. Pessoas f\u00edsicas tamb\u00e9m podem participar dessa iniciativa.<\/p>\n<p>O dep\u00f3sito banc\u00e1rio, devidamente identificado por CNPJ ou CPF, deve ser feito no Banco do Banco \u2013 Ag\u00eancia 3320-0 \u2013 Conta Corrente 6333-9. Pagamentos por boletos banc\u00e1rios (pessoa jur\u00eddica e pessoa f\u00edsica) e por cart\u00e3o de cr\u00e9dito (apenas pessoa f\u00edsica) tamb\u00e9m ser\u00e3o aceitos. No caso da contribui\u00e7\u00e3o via cart\u00e3o de cr\u00e9dito, h\u00e1 a op\u00e7\u00e3o de tr\u00eas valores: R$ 50,00, R$ 100,00 ou algum outro montante a crit\u00e9rio do interessado. Maiores informa\u00e7\u00f5es podem ser obtidas pelo site relacionamento@dieese.org.br ou pelo telefone 0800 77 33 117.<\/p>\n<p>Para n\u00e3o fechar suas portas, o Dieese precisa de apoio. A situa\u00e7\u00e3o \u00e9 cr\u00edtica e inclui atraso de sal\u00e1rios e dispensa de m\u00e3o de obra, neste \u00faltimo caso nem t\u00e3o recente. De dois anos para c\u00e1, o instituto cortou 70 dos seus funcion\u00e1rios, reduzindo o total para 270 \u2013 e deve diminuir mais. Projetos tiveram redu\u00e7\u00e3o. A Pesquisa de Emprego e Desemprego no setor banc\u00e1rio (PED), aplicada em parceria com a Confedera\u00e7\u00e3o Nacional dos Trabalhadores do Ramo Financeiro (Contraf\/CUT), deixou de ser realizada em tr\u00eas regi\u00f5es metropolitanas, a exemplo de Belo Horizonte, Fortaleza e Recife, e est\u00e1 amea\u00e7ada em Porto Alegre. A pesquisa da cesta b\u00e1sica, que era feita nas 27 unidades da Federa\u00e7\u00e3o, perdeu seis capitais.<\/p>\n<p>&#8220;O impacto \u00e9 v\u00e1rias vezes mais severo do que o ocorrido em outras ocasi\u00f5es, porque \u00e9 uma crise estrutural dos sindicatos. O Dieese sofre a consequ\u00eancia de uma pesada desestrutura\u00e7\u00e3o. \u00c9 tamb\u00e9m uma crise do Estado brasileiro&#8221;, diz Clemente Ganz L\u00facio, diretor t\u00e9cnico do instituto, apontando uma &#8220;acentuada queda de receita&#8221;: 70% da receita prov\u00eam do movimento sindical e 30%, de setores n\u00e3o sindicais. No caso de conv\u00eanios com \u00f3rg\u00e3os p\u00fablicos, muitos est\u00e3o com pagamento em atraso. Alguns s\u00f3cios tamb\u00e9m est\u00e3o inadimplentes.<\/p>\n<p>&#8220;H\u00e1 um risco de entidades sindicais fecharem. Esse mesmo risco pode atingir o Dieese&#8221;, observa Clemente. A perda de receita se tornou mais acentuada ap\u00f3s a &#8220;reforma&#8221; trabalhista, que, em contrapartida, tamb\u00e9m pode exigir mais presta\u00e7\u00e3o de servi\u00e7os. &#8220;A nossa ideia \u00e9 que essas mudan\u00e7as tragam aumento de demanda para o Dieese&#8221;, diz o diretor t\u00e9cnico.<\/p>\n<p><strong><em>Atua\u00e7\u00e3o do Dieese<\/em><\/strong><br \/>O Dieese foi criado pelo movimento sindical para atuar em atividades de pesquisa, assessoria, educa\u00e7\u00e3o e comunica\u00e7\u00e3o em temas relacionados ao mundo do trabalho e que se ajustam aos desafios que a realidade coloca para a organiza\u00e7\u00e3o dos trabalhadores no pa\u00eds. Atua ainda em parceria com o pr\u00f3prio Estado em v\u00e1rios projetos.<\/p>\n<p>No decorrer dos anos, como entidade civil sem fins lucrativos, mantida pela contribui\u00e7\u00e3o das entidades sindicais filiadas, o Dieese tornou-se uma fonte de dados, informa\u00e7\u00f5es e an\u00e1lises confi\u00e1veis para o movimento sindical e para a sociedade. As \u00e1reas de atua\u00e7\u00e3o s\u00e3o assessoria em negocia\u00e7\u00e3o coletiva, pesquisa e estudos relacionados ao mundo do trabalho, educa\u00e7\u00e3o e forma\u00e7\u00e3o sindical e estudos em pol\u00edticas p\u00fablicas.<\/p>\n<p>A equipe de t\u00e9cnicos \u00e9 multidisciplinar e formada por economistas, soci\u00f3logos, estat\u00edsticos, ge\u00f3grafos e outros profissionais, que estudam e investigam quest\u00f5es relacionadas a mercado de trabalho, sal\u00e1rios e remunera\u00e7\u00e3o, negocia\u00e7\u00e3o coletiva, igualdade distributiva e rela\u00e7\u00e3o com o Estado, desenvolvimento econ\u00f4mico e social e pol\u00edticas p\u00fablicas.<\/p>\n<p>Na busca para aprofundar os estudos que s\u00e3o feitos, o Dieese estabelece conv\u00eanios com governos, organiza\u00e7\u00f5es internacionais e multilaterais, entre outras entidades, para tratar de quest\u00f5es estruturais do ponto de vista socioecon\u00f4mico. Essas coopera\u00e7\u00f5es possibilitam que o Dieese aprimore conhecimentos que contribuem para melhorar a qualidade do trabalho realizado por meio de estudos, pesquisas, produtos e servi\u00e7os.<\/p>\n<p><strong>Fonte: Fenae<\/strong><\/p>\n","protected":false},"excerpt":{"rendered":"<p>\u200bMaior amea\u00e7a \u00e0 sobreviv\u00eancia do Dieese \u00e9 provocada pela crise econ\u00f4mica Aten\u00e7\u00e3o, entidades sindicais, trabalhadores e pessoas f\u00edsicas de todo o Brasil! Criado h\u00e1 62 anos, exatamente na data de 22 de dezembro de 1955, o Departamento Intersindical de Estat\u00edstica e Estudos Socioecon\u00f4micos (Dieese) precisa urgentemente de apoio para continuar ajudando o movimento sindical a [&hellip;]<\/p>\n","protected":false},"author":2,"featured_media":3596,"comment_status":"","ping_status":"","sticky":false,"template":"","format":"standard","meta":{"footnotes":""},"categories":[3],"tags":[],"class_list":["post-3597","post","type-post","status-publish","format-standard","has-post-thumbnail","hentry","category-noticias"],"_links":{"self":[{"href":"https:\/\/hostnetart.com.br\/baixada\/wp-json\/wp\/v2\/posts\/3597","targetHints":{"allow":["GET"]}}],"collection":[{"href":"https:\/\/hostnetart.com.br\/baixada\/wp-json\/wp\/v2\/posts"}],"about":[{"href":"https:\/\/hostnetart.com.br\/baixada\/wp-json\/wp\/v2\/types\/post"}],"author":[{"embeddable":true,"href":"https:\/\/hostnetart.com.br\/baixada\/wp-json\/wp\/v2\/users\/2"}],"replies":[{"embeddable":true,"href":"https:\/\/hostnetart.com.br\/baixada\/wp-json\/wp\/v2\/comments?post=3597"}],"version-history":[{"count":0,"href":"https:\/\/hostnetart.com.br\/baixada\/wp-json\/wp\/v2\/posts\/3597\/revisions"}],"wp:featuredmedia":[{"embeddable":true,"href":"https:\/\/hostnetart.com.br\/baixada\/wp-json\/wp\/v2\/media\/3596"}],"wp:attachment":[{"href":"https:\/\/hostnetart.com.br\/baixada\/wp-json\/wp\/v2\/media?parent=3597"}],"wp:term":[{"taxonomy":"category","embeddable":true,"href":"https:\/\/hostnetart.com.br\/baixada\/wp-json\/wp\/v2\/categories?post=3597"},{"taxonomy":"post_tag","embeddable":true,"href":"https:\/\/hostnetart.com.br\/baixada\/wp-json\/wp\/v2\/tags?post=3597"}],"curies":[{"name":"wp","href":"https:\/\/api.w.org\/{rel}","templated":true}]}}