{"id":3585,"date":"2017-12-27T16:49:36","date_gmt":"2017-12-27T18:49:36","guid":{"rendered":"https:\/\/hostnetart.com.br\/baixada\/no-primeiro-mes-da-reforma-trabalhista-pais-perde-empregos-formais\/"},"modified":"2017-12-27T16:49:36","modified_gmt":"2017-12-27T18:49:36","slug":"no-primeiro-mes-da-reforma-trabalhista-pais-perde-empregos-formais","status":"publish","type":"post","link":"https:\/\/hostnetart.com.br\/baixada\/no-primeiro-mes-da-reforma-trabalhista-pais-perde-empregos-formais\/","title":{"rendered":"No primeiro m\u00eas da &#8216;reforma&#8217; trabalhista, pa\u00eds perde empregos formais"},"content":{"rendered":"<p>Em novembro, m\u00eas em que entrou em vigor a Lei 13.467, de &#8220;reforma&#8221; da legisla\u00e7\u00e3o trabalhista, o pa\u00eds fechou 12.292 vagas com carteira assinada (-0,03% de varia\u00e7\u00e3o no estoque), segundo o Cadastro Geral de Empregados e Desempregados (Caged), do Minist\u00e9rio do Trabalho, divulgado nesta quarta-feira (27). Segundo o ministro Ronaldo Nogueira, o resultado &#8220;n\u00e3o significa uma interrup\u00e7\u00e3o do processo de retomada do crescimento econ\u00f4mico&#8221;. Ele afirmou que a queda em novembros anteriores foi maior.<\/p>\n<p>A ind\u00fastria de transforma\u00e7\u00e3o eliminou 29.006 postos de trabalho formais (-0,39%) em praticamente todos os segmentos. A constru\u00e7\u00e3o cortou 22.826, na segunda maior queda percentual: -1,04%. A maior foi registrada na agricultura, com influ\u00eancia sazonal \u2013 21.761 a menos (-1,34%).<\/p>\n<p>O com\u00e9rcio abriu 68.602 vagas (0,76%), principalmente no varejo, o que era esperado devido ao movimento de fim de ano. Tamb\u00e9m fecharam vagas os servi\u00e7os (-2.972) e a administra\u00e7\u00e3o p\u00fablica (-2.360).<\/p>\n<p>De janeiro a novembro, o saldo ainda \u00e9 positivo, com 299.635 postos de trabalho (alta de 0,78%). A ind\u00fastria abriu 88.793 vagas (1,23%) e o setor de servi\u00e7os, 139.450 (0,83%). O com\u00e9rcio criou 30.333 (0,34%), enquanto a constru\u00e7\u00e3o civil eliminou 52.013 (-2,32%).<\/p>\n<p>O maior crescimento percentual (5,43%) \u00e9 da agricultura, que abriu 83.303 empregos com carteira no ano. A administra\u00e7\u00e3o p\u00fablica tamb\u00e9m registra alta (1,87%), com mais 15.847 vagas formais.<\/p>\n<p>Em 12 meses, de dezembro do ano passado a novembro deste ano, o Caged mostra perda de 178.528 empregos (-0,46%). S\u00e3o 14,586 milh\u00f5es de contrata\u00e7\u00f5es e 14,764 milh\u00f5es de demiss\u00f5es. <\/p>\n<p>Mais uma vez, o sal\u00e1rio m\u00e9dio de admiss\u00e3o \u00e9 menor que o de demiss\u00e3o. O ganho de quem foi dispensado era de R$ 1.675,58 em novembro, enquanto o contratado recebeu R$ 1.470,08.<\/p>\n<p><strong>FONTE: Rede Brasil Atual<\/strong><\/p>\n","protected":false},"excerpt":{"rendered":"<p>Em novembro, m\u00eas em que entrou em vigor a Lei 13.467, de &#8220;reforma&#8221; da legisla\u00e7\u00e3o trabalhista, o pa\u00eds fechou 12.292 vagas com carteira assinada (-0,03% de varia\u00e7\u00e3o no estoque), segundo o Cadastro Geral de Empregados e Desempregados (Caged), do Minist\u00e9rio do Trabalho, divulgado nesta quarta-feira (27). Segundo o ministro Ronaldo Nogueira, o resultado &#8220;n\u00e3o significa [&hellip;]<\/p>\n","protected":false},"author":2,"featured_media":3584,"comment_status":"","ping_status":"","sticky":false,"template":"","format":"standard","meta":{"footnotes":""},"categories":[3],"tags":[],"class_list":["post-3585","post","type-post","status-publish","format-standard","has-post-thumbnail","hentry","category-noticias"],"_links":{"self":[{"href":"https:\/\/hostnetart.com.br\/baixada\/wp-json\/wp\/v2\/posts\/3585","targetHints":{"allow":["GET"]}}],"collection":[{"href":"https:\/\/hostnetart.com.br\/baixada\/wp-json\/wp\/v2\/posts"}],"about":[{"href":"https:\/\/hostnetart.com.br\/baixada\/wp-json\/wp\/v2\/types\/post"}],"author":[{"embeddable":true,"href":"https:\/\/hostnetart.com.br\/baixada\/wp-json\/wp\/v2\/users\/2"}],"replies":[{"embeddable":true,"href":"https:\/\/hostnetart.com.br\/baixada\/wp-json\/wp\/v2\/comments?post=3585"}],"version-history":[{"count":0,"href":"https:\/\/hostnetart.com.br\/baixada\/wp-json\/wp\/v2\/posts\/3585\/revisions"}],"wp:featuredmedia":[{"embeddable":true,"href":"https:\/\/hostnetart.com.br\/baixada\/wp-json\/wp\/v2\/media\/3584"}],"wp:attachment":[{"href":"https:\/\/hostnetart.com.br\/baixada\/wp-json\/wp\/v2\/media?parent=3585"}],"wp:term":[{"taxonomy":"category","embeddable":true,"href":"https:\/\/hostnetart.com.br\/baixada\/wp-json\/wp\/v2\/categories?post=3585"},{"taxonomy":"post_tag","embeddable":true,"href":"https:\/\/hostnetart.com.br\/baixada\/wp-json\/wp\/v2\/tags?post=3585"}],"curies":[{"name":"wp","href":"https:\/\/api.w.org\/{rel}","templated":true}]}}