{"id":3577,"date":"2017-12-22T12:57:17","date_gmt":"2017-12-22T14:57:17","guid":{"rendered":"https:\/\/hostnetart.com.br\/baixada\/contraf-cut-relembra-lutas-de-2017-em-retrospectiva\/"},"modified":"2017-12-22T12:57:17","modified_gmt":"2017-12-22T14:57:17","slug":"contraf-cut-relembra-lutas-de-2017-em-retrospectiva","status":"publish","type":"post","link":"https:\/\/hostnetart.com.br\/baixada\/contraf-cut-relembra-lutas-de-2017-em-retrospectiva\/","title":{"rendered":"Contraf-CUT relembra lutas de 2017 em retrospectiva"},"content":{"rendered":"<p>Em um pequeno balan\u00e7o, o presidente da Contraf-CUT, Roberto von der Osten, nos lembra que 2017 foi um ano de muita luta. Em meio a fortes ataques, a classe trabalhadora ficou com espinhos entalados na garganta, mas tamb\u00e9m venceu algumas batalhas.<\/p>\n<p>A luta continuar\u00e1 em 2018, um ano decisivo, no qual a classe trabalhadora ter\u00e1 que se manter unida para fazer valer sua vontade e mudar a correla\u00e7\u00e3o de for\u00e7as na sociedade, com a certeza de que s\u00f3 a luta nos garante.<\/p>\n<p>Assista: <a href=\"https:\/\/www.youtube.com\/watch?v=jdUlLMdfXws\">https:\/\/www.youtube.com\/watch?v=jdUlLMdfXws<\/a><\/p>\n<p id=\"page-author\"><strong>Fonte: Contraf-CUT<\/strong><\/p>\n","protected":false},"excerpt":{"rendered":"<p>Em um pequeno balan\u00e7o, o presidente da Contraf-CUT, Roberto von der Osten, nos lembra que 2017 foi um ano de muita luta. Em meio a fortes ataques, a classe trabalhadora ficou com espinhos entalados na garganta, mas tamb\u00e9m venceu algumas batalhas. A luta continuar\u00e1 em 2018, um ano decisivo, no qual a classe trabalhadora ter\u00e1 [&hellip;]<\/p>\n","protected":false},"author":2,"featured_media":3576,"comment_status":"","ping_status":"","sticky":false,"template":"","format":"standard","meta":{"footnotes":""},"categories":[3],"tags":[],"class_list":["post-3577","post","type-post","status-publish","format-standard","has-post-thumbnail","hentry","category-noticias"],"_links":{"self":[{"href":"https:\/\/hostnetart.com.br\/baixada\/wp-json\/wp\/v2\/posts\/3577","targetHints":{"allow":["GET"]}}],"collection":[{"href":"https:\/\/hostnetart.com.br\/baixada\/wp-json\/wp\/v2\/posts"}],"about":[{"href":"https:\/\/hostnetart.com.br\/baixada\/wp-json\/wp\/v2\/types\/post"}],"author":[{"embeddable":true,"href":"https:\/\/hostnetart.com.br\/baixada\/wp-json\/wp\/v2\/users\/2"}],"replies":[{"embeddable":true,"href":"https:\/\/hostnetart.com.br\/baixada\/wp-json\/wp\/v2\/comments?post=3577"}],"version-history":[{"count":0,"href":"https:\/\/hostnetart.com.br\/baixada\/wp-json\/wp\/v2\/posts\/3577\/revisions"}],"wp:featuredmedia":[{"embeddable":true,"href":"https:\/\/hostnetart.com.br\/baixada\/wp-json\/wp\/v2\/media\/3576"}],"wp:attachment":[{"href":"https:\/\/hostnetart.com.br\/baixada\/wp-json\/wp\/v2\/media?parent=3577"}],"wp:term":[{"taxonomy":"category","embeddable":true,"href":"https:\/\/hostnetart.com.br\/baixada\/wp-json\/wp\/v2\/categories?post=3577"},{"taxonomy":"post_tag","embeddable":true,"href":"https:\/\/hostnetart.com.br\/baixada\/wp-json\/wp\/v2\/tags?post=3577"}],"curies":[{"name":"wp","href":"https:\/\/api.w.org\/{rel}","templated":true}]}}