{"id":3575,"date":"2017-12-21T18:45:46","date_gmt":"2017-12-21T20:45:46","guid":{"rendered":"https:\/\/hostnetart.com.br\/baixada\/bancarios-demonstram-forca-e-disposicao-para-lutar-contra-retirada-de-direitos\/"},"modified":"2017-12-21T18:45:46","modified_gmt":"2017-12-21T20:45:46","slug":"bancarios-demonstram-forca-e-disposicao-para-lutar-contra-retirada-de-direitos","status":"publish","type":"post","link":"https:\/\/hostnetart.com.br\/baixada\/bancarios-demonstram-forca-e-disposicao-para-lutar-contra-retirada-de-direitos\/","title":{"rendered":"Banc\u00e1rios demonstram for\u00e7a e disposi\u00e7\u00e3o para lutar contra retirada de direitos"},"content":{"rendered":"<div class=\"content\">\n<p>Centenas de ag\u00eancias e os principais departamentos do banco Santander em todo o pa\u00eds tiveram suas atividades paralisadas nesta quarta-feira (20). As a\u00e7\u00f5es foram uma rea\u00e7\u00e3o a medidas tomadas pelo banco Santander sem nenhum tipo de negocia\u00e7\u00e3o com os funcion\u00e1rios ou com seus representantes legais. Nos estados da Bahia, Sergipe, Para\u00edba, Alagoas e nas cidades de Porto Alegre, Recife e Rio de Janeiro a paralisa\u00e7\u00e3o foi total, atingindo 100% dos funcion\u00e1rios. Em S\u00e3o Paulo, a paralisa\u00e7\u00e3o atingiu mais de 200 ag\u00eancias e todos os centros operacionais, como a Torre Santander (matriz nacional) onde trabalham mais de 5.000 funcion\u00e1rios, o Casa 1 e o Casa 3, al\u00e9m do Callcenter, que tamb\u00e9m ficou paralisado no Rio de Janeiro.<\/p>\n<p>\u201cFoi talvez a maior manifesta\u00e7\u00e3o nacional dos trabalhadores do Santander. Nos unimos contra a arbitrariedade do banco, que anunciou medidas que nos prejudicam sem qualquer tipo de negocia\u00e7\u00e3o com os funcion\u00e1rios, ou com o movimento sindical\u201d, disse Mario Raia, secret\u00e1rio de Rela\u00e7\u00f5es Internacionais da Confedera\u00e7\u00e3o Nacional dos Trabalhadores do Ramo Financeiro (Contraf-CUT) e funcion\u00e1rio do banco espanhol.<\/p>\n<p>Com a paraliza\u00e7\u00e3o dos Callcenters no Rio e em S\u00e3o Paulo, o atendimento da \u201cSuperlinha\u201d do Santander ficou prejudicada. Os clientes que tentaram usar o servi\u00e7o ouviam a seguinte mensagem: \u201cEm fun\u00e7\u00e3o da greve, o atendimento est\u00e1 indispon\u00edvel\u201d.<\/p>\n<p>Para Mario Raia, as atividades mostraram que funcion\u00e1rios e dirigentes sindicais est\u00e3o unidos e dispostos a lutar contra a implanta\u00e7\u00e3o destas medidas pelo banco e da reforma trabalhista pelo sistema financeiro.<\/p>\n<p><strong>Nota do banco<\/strong><br \/> O Santander divulgou uma nota na tarde de quarta-feira. Os funcion\u00e1rios a receberam por e-mail e pelo aplicativo NOW. \u201cO fato de o banco ter emitido um comunicado mostra que o alcance obtido pelas atividades e paralisa\u00e7\u00f5es prejudicaram as atividades do banco. Esta \u00e9 uma demonstra\u00e7\u00e3o do que a categoria est\u00e1 disposta a fazer para defender seus direitos. N\u00f3s, banc\u00e1rios, aprendemos que s\u00f3 a luta nos garante\u201d, observou Roberto von der Osten, presidente da Contraf-CUT.<\/p>\n<p>O presidente da Contraf-CUT lembrou ainda que, em agosto, o Comando Nacional da Categoria entregou \u00e0 Federa\u00e7\u00e3o Nacional dos Bancos (Fenaban), uma <ins><strong><a href=\"http:\/\/www.contrafcut.org.br\/noticias\/comando-nacional-dos-bancarios-apresenta-a-fenaban-termo-de-compromisso-contra-m-ba4a\" target=\"_blank\" rel=\"noopener noreferrer\">proposta de Termo de Compromisso<\/a><\/strong><\/ins> que visa impedir os preju\u00edzos que a reforma trabalhista pode causar aos banc\u00e1rios. \u201cEntregamos uma proposta e estamos, como sempre estivemos, \u00e0 disposi\u00e7\u00e3o para negociar as medidas que possam vir a ser tomadas. Mas, se medidas forem tomadas sem negocia\u00e7\u00e3o, ou se houver preju\u00edzos aos trabalhadores, tamb\u00e9m temos disposi\u00e7\u00e3o para lutar\u201d, afirmou von der Osten.<\/p>\n<p>\u201cA nota enviada pelo banco \u00e9 mais uma a\u00e7\u00e3o de marketing. Diz que o Santander est\u00e1 \u00e0 disposi\u00e7\u00e3o para negociar, mas, no dia 13 de dezembro tentamos negociar e o banco nos disse que n\u00e3o haveria negocia\u00e7\u00f5es sobre as medidas que o banco j\u00e1 havia tomado, sem sequer nos comunicar com anteced\u00eancia\u201d, lembrou Maria Rosani, coordenadora da Comiss\u00e3o de Organiza\u00e7\u00e3o dos Empregados (COE) do Santander.<\/p>\n<p>\u201cSomo os maiores interessados em negociar. Acreditamos que \u00e9 na mesa de negocia\u00e7\u00f5es que encontramos solu\u00e7\u00f5es para os entraves que prejudicam a rela\u00e7\u00e3o entre o banco e os empregados e prejudicam as condi\u00e7\u00f5es de trabalho\u201d, concluiu Mario Raia.<\/p>\n<\/div>\n<p id=\"page-author\"><span style=\"text-decoration: underline;\"><em><strong>Fonte: Contraf-CUT<\/strong><\/em><\/span><\/p>\n","protected":false},"excerpt":{"rendered":"<p>Centenas de ag\u00eancias e os principais departamentos do banco Santander em todo o pa\u00eds tiveram suas atividades paralisadas nesta quarta-feira (20). As a\u00e7\u00f5es foram uma rea\u00e7\u00e3o a medidas tomadas pelo banco Santander sem nenhum tipo de negocia\u00e7\u00e3o com os funcion\u00e1rios ou com seus representantes legais. Nos estados da Bahia, Sergipe, Para\u00edba, Alagoas e nas cidades [&hellip;]<\/p>\n","protected":false},"author":2,"featured_media":3574,"comment_status":"","ping_status":"","sticky":false,"template":"","format":"standard","meta":{"footnotes":""},"categories":[3],"tags":[],"class_list":["post-3575","post","type-post","status-publish","format-standard","has-post-thumbnail","hentry","category-noticias"],"_links":{"self":[{"href":"https:\/\/hostnetart.com.br\/baixada\/wp-json\/wp\/v2\/posts\/3575","targetHints":{"allow":["GET"]}}],"collection":[{"href":"https:\/\/hostnetart.com.br\/baixada\/wp-json\/wp\/v2\/posts"}],"about":[{"href":"https:\/\/hostnetart.com.br\/baixada\/wp-json\/wp\/v2\/types\/post"}],"author":[{"embeddable":true,"href":"https:\/\/hostnetart.com.br\/baixada\/wp-json\/wp\/v2\/users\/2"}],"replies":[{"embeddable":true,"href":"https:\/\/hostnetart.com.br\/baixada\/wp-json\/wp\/v2\/comments?post=3575"}],"version-history":[{"count":0,"href":"https:\/\/hostnetart.com.br\/baixada\/wp-json\/wp\/v2\/posts\/3575\/revisions"}],"wp:featuredmedia":[{"embeddable":true,"href":"https:\/\/hostnetart.com.br\/baixada\/wp-json\/wp\/v2\/media\/3574"}],"wp:attachment":[{"href":"https:\/\/hostnetart.com.br\/baixada\/wp-json\/wp\/v2\/media?parent=3575"}],"wp:term":[{"taxonomy":"category","embeddable":true,"href":"https:\/\/hostnetart.com.br\/baixada\/wp-json\/wp\/v2\/categories?post=3575"},{"taxonomy":"post_tag","embeddable":true,"href":"https:\/\/hostnetart.com.br\/baixada\/wp-json\/wp\/v2\/tags?post=3575"}],"curies":[{"name":"wp","href":"https:\/\/api.w.org\/{rel}","templated":true}]}}