{"id":3573,"date":"2017-12-21T16:58:30","date_gmt":"2017-12-21T18:58:30","guid":{"rendered":"https:\/\/hostnetart.com.br\/baixada\/pais-tem-12-milhoes-de-analfabetos-e-25-milhoes-fora-da-escola\/"},"modified":"2017-12-21T16:58:30","modified_gmt":"2017-12-21T18:58:30","slug":"pais-tem-12-milhoes-de-analfabetos-e-25-milhoes-fora-da-escola","status":"publish","type":"post","link":"https:\/\/hostnetart.com.br\/baixada\/pais-tem-12-milhoes-de-analfabetos-e-25-milhoes-fora-da-escola\/","title":{"rendered":"Pa\u00eds tem 12 milh\u00f5es de analfabetos e 25 milh\u00f5es fora da escola"},"content":{"rendered":"<p>Mais da metade (51%) da popula\u00e7\u00e3o adulta tinha conclu\u00eddo apenas o ensino fundamental em 2016, s\u00f3 15% tinha curso superior, em diferen\u00e7as que se acentuam regionalmente, segundo dados da Pesquisa Nacional por Amostra de Domic\u00edlios (Pnad) Cont\u00ednua divulgados hoje (21) pelo IBGE. A taxa de analfabetismo foi de 7,2%, o correspondente a 11,8 milh\u00f5es de pessoas, com varia\u00e7\u00e3o de 3,6% (regi\u00e3o Sul) a 14,8% (Nordeste). A diferen\u00e7a tamb\u00e9m \u00e9 grande entre brancos (4,2%) e pretos ou pardos (9,9%).<\/p>\n<p>Ainda segundo a pesquisa, na regi\u00e3o Nordeste 52,6% da popula\u00e7\u00e3o acima de 25 anos nem sequer havia conclu\u00eddo o ensino fundamental. No Sudeste, 51,1% tinha pelo menos o ensino m\u00e9dio. S\u00f3 8,8% dos pretos ou pardos (classifica\u00e7\u00e3o do IBGE) tinham n\u00edvel superior, \u00edndice que subia para 22,2% entre os brancos. Tamb\u00e9m era maior entre mulheres (16,9%) do que homens (13,5%).<\/p>\n<p>De acordo com o instituto, quase 25 milh\u00f5es de pessoas (24,8 milh\u00f5es) de 14 a 29 anos &#8220;n\u00e3o frequentavam\u00a0escola e n\u00e3o haviam passado por todo ciclo educacional at\u00e9 a conclus\u00e3o do ensino superior&#8221;. Mais da metade desse grupo eram homens, e a maioria deles declarou n\u00e3o estudar por causa do trabalho \u2013 24% por desinteresse. No caso das mulheres, 30,5% n\u00e3o estudavam em raz\u00e3o do trabalho, 26% por afazeres dom\u00e9sticos ou por cuidar de pessoas e 15% por desinteresse.<\/p>\n<p>Na m\u00e9dia, a popula\u00e7\u00e3o brasileira tem oito anos de estudo. A taxa de escolariza\u00e7\u00e3o \u00e9 quase total (99,2%) entre crian\u00e7as e jovens de 6 a 14 anos. Na faixa de 15 a 17 anos, chega a 87,9%. Dos jovens de 18 a 24 anos, 32,8% frequentavam escola e 23,8% cursavam ensino superior.<\/p>\n<p>A rede p\u00fablica predomina no ensino b\u00e1sico, concentrando 73% dos estudantes na educa\u00e7\u00e3o infantil, 83,4% no fundamental e 85,8% no m\u00e9dio. A situa\u00e7\u00e3o muda no ensino superior, em que 74,3% frequentam a rede privada.\u00a0<\/p>\n<p>A taxa de analfabetismo vai a 7,4% entre homens com 15 anos ou mais. Entre mulheres, 7%. Sobe a 20,4% para pessoas com 60 anos ou mais \u2013 11,7% entre brancos e 30,7% entre pretos ou pardos.<\/p>\n<p>Havia 56,5 milh\u00f5es de pessoas frequentando escola ou creche em 2016. No caso da crian\u00e7as de at\u00e9 3 anos, eram 3,1 milh\u00f5es (30,4%) na creche. A taxa sobe para 90,2% (4,8 milh\u00f5es) na pr\u00e9-escola.\u00a0<\/p>\n<p>\u00a0<\/p>\n<p><strong><em>Fonte: Rede Brasil Atual<\/em><\/strong><\/p>\n","protected":false},"excerpt":{"rendered":"<p>Mais da metade (51%) da popula\u00e7\u00e3o adulta tinha conclu\u00eddo apenas o ensino fundamental em 2016, s\u00f3 15% tinha curso superior, em diferen\u00e7as que se acentuam regionalmente, segundo dados da Pesquisa Nacional por Amostra de Domic\u00edlios (Pnad) Cont\u00ednua divulgados hoje (21) pelo IBGE. A taxa de analfabetismo foi de 7,2%, o correspondente a 11,8 milh\u00f5es de [&hellip;]<\/p>\n","protected":false},"author":2,"featured_media":3572,"comment_status":"","ping_status":"","sticky":false,"template":"","format":"standard","meta":{"footnotes":""},"categories":[3],"tags":[],"class_list":["post-3573","post","type-post","status-publish","format-standard","has-post-thumbnail","hentry","category-noticias"],"_links":{"self":[{"href":"https:\/\/hostnetart.com.br\/baixada\/wp-json\/wp\/v2\/posts\/3573","targetHints":{"allow":["GET"]}}],"collection":[{"href":"https:\/\/hostnetart.com.br\/baixada\/wp-json\/wp\/v2\/posts"}],"about":[{"href":"https:\/\/hostnetart.com.br\/baixada\/wp-json\/wp\/v2\/types\/post"}],"author":[{"embeddable":true,"href":"https:\/\/hostnetart.com.br\/baixada\/wp-json\/wp\/v2\/users\/2"}],"replies":[{"embeddable":true,"href":"https:\/\/hostnetart.com.br\/baixada\/wp-json\/wp\/v2\/comments?post=3573"}],"version-history":[{"count":0,"href":"https:\/\/hostnetart.com.br\/baixada\/wp-json\/wp\/v2\/posts\/3573\/revisions"}],"wp:featuredmedia":[{"embeddable":true,"href":"https:\/\/hostnetart.com.br\/baixada\/wp-json\/wp\/v2\/media\/3572"}],"wp:attachment":[{"href":"https:\/\/hostnetart.com.br\/baixada\/wp-json\/wp\/v2\/media?parent=3573"}],"wp:term":[{"taxonomy":"category","embeddable":true,"href":"https:\/\/hostnetart.com.br\/baixada\/wp-json\/wp\/v2\/categories?post=3573"},{"taxonomy":"post_tag","embeddable":true,"href":"https:\/\/hostnetart.com.br\/baixada\/wp-json\/wp\/v2\/tags?post=3573"}],"curies":[{"name":"wp","href":"https:\/\/api.w.org\/{rel}","templated":true}]}}