{"id":3569,"date":"2017-12-21T12:53:47","date_gmt":"2017-12-21T14:53:47","guid":{"rendered":"https:\/\/hostnetart.com.br\/baixada\/recessao-levou-9-milhoes-de-brasileiros-de-volta-a-pobreza\/"},"modified":"2017-12-21T12:53:47","modified_gmt":"2017-12-21T14:53:47","slug":"recessao-levou-9-milhoes-de-brasileiros-de-volta-a-pobreza","status":"publish","type":"post","link":"https:\/\/hostnetart.com.br\/baixada\/recessao-levou-9-milhoes-de-brasileiros-de-volta-a-pobreza\/","title":{"rendered":"Recess\u00e3o levou 9 milh\u00f5es de brasileiros de volta \u00e0 pobreza"},"content":{"rendered":"<p>Devido \u00e0 crise econ\u00f4mica, pouco mais de 9 milh\u00f5es de pessoas voltaram \u00e0 <strong>pobreza<\/strong> entre 2015 e 2016. Destes, 5,4 milh\u00f5es vivem atualmente em condi\u00e7\u00e3o de &#8220;<strong>extrema pobreza<\/strong>&#8220;. O levantamento foi realizado pelo\u00a0Instituto de Estudos do Trabalho e Sociedade (<a class=\"external-link\" title=\"\" href=\"https:\/\/www.iets.org.br\/\" target=\"_blank\" rel=\"noopener noreferrer\">Iets<\/a>), que apontou o aumento do desemprego e a deteriora\u00e7\u00e3o da renda como causas.<\/p>\n<p>O estudo, divulgado pelo jornal <a class=\"external-link\" title=\"\" href=\"http:\/\/www.valor.com.br\/brasil\/5230253\/bienio-de-recessao-levou-9-milhoes-pobreza\" target=\"_blank\" rel=\"noopener noreferrer\">Valor Econ\u00f4mico<\/a>, cruzou dados da\u00a0S\u00edntese de Indicadores Sociais e da\u00a0Pesquisa Nacional por Amostra de Domic\u00edlios (Pnad), ambos do Instituto Brasileiro de Geografia e Estat\u00edstica (<a class=\"external-link\" title=\"\" href=\"https:\/\/www.ibge.gov.br\/\" target=\"_blank\" rel=\"noopener noreferrer\">IBGE<\/a>).<\/p>\n<p>Na reportagem, especialistas ressaltam que, entre 2004 e 2014, cerca de 40 milh\u00f5es de pessoas deixaram a linha da pobreza, e lembram que o atual recrudescimento da mis\u00e9ria ocorre justamente em momento de enfraquecimento da rede de prote\u00e7\u00e3o social e dos programas de transfer\u00eancia de renda, promovidos pelo governo Temer, que coloca a culpa na crise fiscal e nos governos anteriores.\u00a0<\/p>\n<p>\u00a0Contudo, apesar de o IBGE ter divulgado, na \u00faltima sexta-feira (15), que, em 2016,\u00a0<a class=\"internal-link\" title=\"\" href=\"http:\/\/www.redebrasilatual.com.br\/cidadania\/2017\/12\/brasil-25-na-linha-de-pobreza-menos-emprego-formal-e-desemprego-de-jovens\" target=\"_blank\" rel=\"noopener noreferrer\">25,4% da popula\u00e7\u00e3o (<\/a><a class=\"internal-link\" title=\"\" href=\"http:\/\/www.redebrasilatual.com.br\/cidadania\/2017\/12\/brasil-25-na-linha-de-pobreza-menos-emprego-formal-e-desemprego-de-jovens\" target=\"_blank\" rel=\"noopener noreferrer\">52,2 milh\u00f5es de pessoas) vivia abaixo da linha de pobreza<\/a>, e\u00a06,5% ( 13,35 milh\u00f5es de pessoas) na extrema pobreza, devido \u00e0 mudan\u00e7as metodol\u00f3gicas, o instituto n\u00e3o apresentou comparativo com os anos anteriores, trabalho ent\u00e3o realizado pelos pesquisadores do Iets.\u00a0<\/p>\n<p>De acordo com o IBGE, que, por sua vez, utiliza referencial do <a class=\"external-link\" title=\"\" href=\"http:\/\/www.worldbank.org\/pt\/country\/brazil\" target=\"_blank\" rel=\"noopener noreferrer\">Banco Mundial<\/a>, s\u00e3o considerados pobres aqueles que vivem com at\u00e9\u00a0R$ 387,07 mensais, e extremamente pobres aqueles que recebem at\u00e9\u00a0R$ 133,72 mensais.\u00a0<\/p>\n<p>\u00a0<\/p>\n<p>FONTE: Rede Brasil Atual<\/p>\n","protected":false},"excerpt":{"rendered":"<p>Devido \u00e0 crise econ\u00f4mica, pouco mais de 9 milh\u00f5es de pessoas voltaram \u00e0 pobreza entre 2015 e 2016. Destes, 5,4 milh\u00f5es vivem atualmente em condi\u00e7\u00e3o de &#8220;extrema pobreza&#8220;. O levantamento foi realizado pelo\u00a0Instituto de Estudos do Trabalho e Sociedade (Iets), que apontou o aumento do desemprego e a deteriora\u00e7\u00e3o da renda como causas. O estudo, [&hellip;]<\/p>\n","protected":false},"author":2,"featured_media":3568,"comment_status":"","ping_status":"","sticky":false,"template":"","format":"standard","meta":{"footnotes":""},"categories":[3],"tags":[],"class_list":["post-3569","post","type-post","status-publish","format-standard","has-post-thumbnail","hentry","category-noticias"],"_links":{"self":[{"href":"https:\/\/hostnetart.com.br\/baixada\/wp-json\/wp\/v2\/posts\/3569","targetHints":{"allow":["GET"]}}],"collection":[{"href":"https:\/\/hostnetart.com.br\/baixada\/wp-json\/wp\/v2\/posts"}],"about":[{"href":"https:\/\/hostnetart.com.br\/baixada\/wp-json\/wp\/v2\/types\/post"}],"author":[{"embeddable":true,"href":"https:\/\/hostnetart.com.br\/baixada\/wp-json\/wp\/v2\/users\/2"}],"replies":[{"embeddable":true,"href":"https:\/\/hostnetart.com.br\/baixada\/wp-json\/wp\/v2\/comments?post=3569"}],"version-history":[{"count":0,"href":"https:\/\/hostnetart.com.br\/baixada\/wp-json\/wp\/v2\/posts\/3569\/revisions"}],"wp:featuredmedia":[{"embeddable":true,"href":"https:\/\/hostnetart.com.br\/baixada\/wp-json\/wp\/v2\/media\/3568"}],"wp:attachment":[{"href":"https:\/\/hostnetart.com.br\/baixada\/wp-json\/wp\/v2\/media?parent=3569"}],"wp:term":[{"taxonomy":"category","embeddable":true,"href":"https:\/\/hostnetart.com.br\/baixada\/wp-json\/wp\/v2\/categories?post=3569"},{"taxonomy":"post_tag","embeddable":true,"href":"https:\/\/hostnetart.com.br\/baixada\/wp-json\/wp\/v2\/tags?post=3569"}],"curies":[{"name":"wp","href":"https:\/\/api.w.org\/{rel}","templated":true}]}}