{"id":3563,"date":"2017-12-20T13:03:20","date_gmt":"2017-12-20T15:03:20","guid":{"rendered":"https:\/\/hostnetart.com.br\/baixada\/bancarios-paralisam-atividades-para-protestar-contra-desrespeito-do-santander\/"},"modified":"2017-12-20T13:03:20","modified_gmt":"2017-12-20T15:03:20","slug":"bancarios-paralisam-atividades-para-protestar-contra-desrespeito-do-santander","status":"publish","type":"post","link":"https:\/\/hostnetart.com.br\/baixada\/bancarios-paralisam-atividades-para-protestar-contra-desrespeito-do-santander\/","title":{"rendered":"Banc\u00e1rios paralisam atividades para protestar contra desrespeito do Santander"},"content":{"rendered":"<div class=\"content\">\n<p>Ag\u00eancias e departamentos do banco Santander amanheceram com protestos e muitas permaneceram fechadas nesta quarta-feira (20) em todo o Brasil. Sem consultar, nem negociar com os trabalhadores ou seus representantes sindicais, o banco implantou um sistema para for\u00e7ar a assinatura em um \u201cAcordo Individual de Banco de Horas Semestral\u201d.<\/p>\n<p>\u201cAl\u00e9m de ser inconstitucional, a medida mostra o total desrespeito do banco espanhol para com os trabalhadores e seus representantes sindicais\u201d, aponta Mario Raia, secret\u00e1rio de Rela\u00e7\u00f5es Internacionais da Confedera\u00e7\u00e3o Nacional dos Trabalhadores do Ramo Financeiro (Contraf-CUT) e funcion\u00e1rio do banco espanhol.<\/p>\n<p>Os trabalhadores questionaram a arbitrariedade do banco e solicitaram a imediata suspens\u00e3o do sistema. O banco apenas confirmou a medida e disse que n\u00e3o haveria negocia\u00e7\u00f5es sobre ela.<\/p>\n<p>A arbitrariedade do banco n\u00e3o para por a\u00ed. Tamb\u00e9m sem nenhuma negocia\u00e7\u00e3o, o banco informou a altera\u00e7\u00e3o do dia de pagamento dos sal\u00e1rios, do dia 20 para o dia 30, e os meses de pagamento do 13\u00ba sal\u00e1rio, antes mar\u00e7o e novembro, agora passam a ser maio e dezembro. \u201cO desrespeito aos trabalhadores e \u00e0 sua organiza\u00e7\u00e3o \u00e9 uma pr\u00e1tica antissincial que o banco tenta aplicar repetidamente \u201d, disse Mario Raia.<\/p>\n<p>Os trabalhadores tamb\u00e9m sofrem com os aumentos abusivos do plano de sa\u00fade, que tem causado dificuldades para muitos deles bancarem os custos. Outro problema constante no banco \u00e9 o grande n\u00famero de demiss\u00f5es. Nos \u00faltimos dias, o banco dispensou 200 funcion\u00e1rios. \u201cN\u00e3o bastasse tudo isso, o banco j\u00e1 informou que vai aplicar o parcelamento das f\u00e9rias. Que ningu\u00e9m se iluda que esse parcelamento ser\u00e1 negociado. Como podemos ver, negocia\u00e7\u00e3o n\u00e3o \u00e9 uma caracter\u00edstica do banco\u201d, completou o dirigente sindical da Contraf-CUT.<\/p>\n<p><em><strong>Hora de mobilizar<\/strong><\/em><br \/>A Conven\u00e7\u00e3o Coletiva de Trabalho (CCT) dos banc\u00e1rios tem vig\u00eancia at\u00e9 31 de agosto de 2018. No Santander h\u00e1 tamb\u00e9m um Acordo Aditivo. \u201cSe n\u00e3o reagirmos a esse ataque agora, assim que terminar a vig\u00eancia do acordo e da CCT, podem ter certeza de que o banco espanhol vai cortar todos os direitos dos trabalhadores que a nova lei trabalhista lhe permite. Ou cruzamos os bra\u00e7os agora ou vai piorar depois\u201d, disse Maria Rosani, coordenadora da Comiss\u00e3o de Organiza\u00e7\u00e3o dos Empregados (COE) do Santander.<\/p>\n<p>Para Rita Berlofa, presidenta da UNI Finan\u00e7as Mundial, tamb\u00e9m funcion\u00e1ria do banco espanhol o que est\u00e1 acontecendo no Santander pode acontecer tamb\u00e9m com os demais bancos e tamb\u00e9m nos outros setores. \u201cTodos os trabalhadores precisam estar alertas e apoiar este protesto. Hoje \u00e9 o banco espanhol que desrespeita e corta os direitos dos brasileiros, mas essa reforma foi feita por encomenda dos empres\u00e1rios. Eles v\u00e3o querer colocar em pr\u00e1tica todo o massacre que ela prev\u00ea. Ou a classe trabalhadora se levanta e luta unida desde j\u00e1, ou quando pensar em fazer isso pode ser muito tarde\u201d, disse a dirigente.<\/p>\n<\/div>\n<p id=\"page-author\"><strong>Fonte: Contraf-CUT<\/strong><\/p>\n","protected":false},"excerpt":{"rendered":"<p>Ag\u00eancias e departamentos do banco Santander amanheceram com protestos e muitas permaneceram fechadas nesta quarta-feira (20) em todo o Brasil. Sem consultar, nem negociar com os trabalhadores ou seus representantes sindicais, o banco implantou um sistema para for\u00e7ar a assinatura em um \u201cAcordo Individual de Banco de Horas Semestral\u201d. \u201cAl\u00e9m de ser inconstitucional, a medida [&hellip;]<\/p>\n","protected":false},"author":2,"featured_media":3562,"comment_status":"","ping_status":"","sticky":false,"template":"","format":"standard","meta":{"footnotes":""},"categories":[3],"tags":[],"class_list":["post-3563","post","type-post","status-publish","format-standard","has-post-thumbnail","hentry","category-noticias"],"_links":{"self":[{"href":"https:\/\/hostnetart.com.br\/baixada\/wp-json\/wp\/v2\/posts\/3563","targetHints":{"allow":["GET"]}}],"collection":[{"href":"https:\/\/hostnetart.com.br\/baixada\/wp-json\/wp\/v2\/posts"}],"about":[{"href":"https:\/\/hostnetart.com.br\/baixada\/wp-json\/wp\/v2\/types\/post"}],"author":[{"embeddable":true,"href":"https:\/\/hostnetart.com.br\/baixada\/wp-json\/wp\/v2\/users\/2"}],"replies":[{"embeddable":true,"href":"https:\/\/hostnetart.com.br\/baixada\/wp-json\/wp\/v2\/comments?post=3563"}],"version-history":[{"count":0,"href":"https:\/\/hostnetart.com.br\/baixada\/wp-json\/wp\/v2\/posts\/3563\/revisions"}],"wp:featuredmedia":[{"embeddable":true,"href":"https:\/\/hostnetart.com.br\/baixada\/wp-json\/wp\/v2\/media\/3562"}],"wp:attachment":[{"href":"https:\/\/hostnetart.com.br\/baixada\/wp-json\/wp\/v2\/media?parent=3563"}],"wp:term":[{"taxonomy":"category","embeddable":true,"href":"https:\/\/hostnetart.com.br\/baixada\/wp-json\/wp\/v2\/categories?post=3563"},{"taxonomy":"post_tag","embeddable":true,"href":"https:\/\/hostnetart.com.br\/baixada\/wp-json\/wp\/v2\/tags?post=3563"}],"curies":[{"name":"wp","href":"https:\/\/api.w.org\/{rel}","templated":true}]}}