{"id":3555,"date":"2017-12-20T12:56:44","date_gmt":"2017-12-20T14:56:44","guid":{"rendered":"https:\/\/hostnetart.com.br\/baixada\/caixa-nao-firma-termo-de-ajuste-de-conduta-no-mpt\/"},"modified":"2017-12-20T12:56:44","modified_gmt":"2017-12-20T14:56:44","slug":"caixa-nao-firma-termo-de-ajuste-de-conduta-no-mpt","status":"publish","type":"post","link":"https:\/\/hostnetart.com.br\/baixada\/caixa-nao-firma-termo-de-ajuste-de-conduta-no-mpt\/","title":{"rendered":"Caixa n\u00e3o firma Termo de Ajuste de Conduta no MPT"},"content":{"rendered":"<p><em><span style=\"text-decoration: underline;\">Contraf-CUT reitera informa\u00e7\u00f5es sobre fraudes no controle da jornada de trabalho<\/span><\/em><\/p>\n<p>Em nova audi\u00eancia, realizada pelo Minist\u00e9rio P\u00fablico do Trabalho (MPT), nesta ter\u00e7a-feira (19), na Procuradoria Regional do Trabalho da 10\u00aa Regi\u00e3o, com a presen\u00e7a da Confedera\u00e7\u00e3o Nacional dos Trabalhadores do Ramo Financeiro (Contraf-CUT), os representantes da Caixa Econ\u00f4mica Federal (CEF) informaram que ainda n\u00e3o obtiveram a autoriza\u00e7\u00e3o para firmar o Termo de Ajuste de Conduta (TAC), proposto pelo MPT, no dia 6 de dezembro.<\/p>\n<p>O termo foi sugerido pela a Procuradora do Trabalho, Dra. Marici Coelho de Barros Pereira, em raz\u00e3o dos fatos apurados no inqu\u00e9rito civil, a fim de a empresa se comprometer a manter controle di\u00e1rio de jornada para todos os empregados, quanto aos reais registros de entrada, sa\u00edda e intervalos, devendo as horas extras ser efetivamente registradas.<\/p>\n<p>De acordo com a procuradora, \u201ctendo em vista a negativa da CEF em firmar Termo de Ajuste de Conduta, e diante das robustas provas de fraudes neste inqu\u00e9rito civil, n\u00e3o resta outra alternativa a n\u00e3o ser o ajuizamento de A\u00e7\u00e3o Civil P\u00fablica\u201d, explicou.<\/p>\n<p>Para Fabiana Uehara Proscholdt, secret\u00e1ria de Juventude da Contraf-CUT, as extrapola\u00e7\u00f5es de jornada de trabalho na Caixa t\u00eam sido generalizadas e constantes. \u201cIsso acontece \u00e0 base de press\u00e3o para cumprimento de meta de economia de horas extras, ocorrendo, inclusive, amea\u00e7as de descomissionamento dos que registram a jornada corretamente. Assim, \u00e9 lament\u00e1vel a postura da Caixa em n\u00e3o assinar o TAC. Isso refor\u00e7a que \u00e9 institucionalizado esse registro irregular por mais que a empresa diga que n\u00e3o prega isso\u201d, afirmou.<\/p>\n<p>Desta forma, ao final da audi\u00eancia, ficou facultado que os representantes sindicais dever\u00e3o apresentar no prazo de 10 dias manifesta\u00e7\u00f5es escritas sobre os setores onde ainda h\u00e1 fraudes nos registros de hor\u00e1rios, bem como, apresentar rol de testemunhas que possam confirmar as fraudes em ju\u00edzo.<\/p>\n<p>\u00a0<\/p>\n<p><strong>Fonte: Contraf-CUT<\/strong><\/p>\n","protected":false},"excerpt":{"rendered":"<p>Contraf-CUT reitera informa\u00e7\u00f5es sobre fraudes no controle da jornada de trabalho Em nova audi\u00eancia, realizada pelo Minist\u00e9rio P\u00fablico do Trabalho (MPT), nesta ter\u00e7a-feira (19), na Procuradoria Regional do Trabalho da 10\u00aa Regi\u00e3o, com a presen\u00e7a da Confedera\u00e7\u00e3o Nacional dos Trabalhadores do Ramo Financeiro (Contraf-CUT), os representantes da Caixa Econ\u00f4mica Federal (CEF) informaram que ainda n\u00e3o [&hellip;]<\/p>\n","protected":false},"author":2,"featured_media":3554,"comment_status":"","ping_status":"","sticky":false,"template":"","format":"standard","meta":{"footnotes":""},"categories":[3],"tags":[],"class_list":["post-3555","post","type-post","status-publish","format-standard","has-post-thumbnail","hentry","category-noticias"],"_links":{"self":[{"href":"https:\/\/hostnetart.com.br\/baixada\/wp-json\/wp\/v2\/posts\/3555","targetHints":{"allow":["GET"]}}],"collection":[{"href":"https:\/\/hostnetart.com.br\/baixada\/wp-json\/wp\/v2\/posts"}],"about":[{"href":"https:\/\/hostnetart.com.br\/baixada\/wp-json\/wp\/v2\/types\/post"}],"author":[{"embeddable":true,"href":"https:\/\/hostnetart.com.br\/baixada\/wp-json\/wp\/v2\/users\/2"}],"replies":[{"embeddable":true,"href":"https:\/\/hostnetart.com.br\/baixada\/wp-json\/wp\/v2\/comments?post=3555"}],"version-history":[{"count":0,"href":"https:\/\/hostnetart.com.br\/baixada\/wp-json\/wp\/v2\/posts\/3555\/revisions"}],"wp:featuredmedia":[{"embeddable":true,"href":"https:\/\/hostnetart.com.br\/baixada\/wp-json\/wp\/v2\/media\/3554"}],"wp:attachment":[{"href":"https:\/\/hostnetart.com.br\/baixada\/wp-json\/wp\/v2\/media?parent=3555"}],"wp:term":[{"taxonomy":"category","embeddable":true,"href":"https:\/\/hostnetart.com.br\/baixada\/wp-json\/wp\/v2\/categories?post=3555"},{"taxonomy":"post_tag","embeddable":true,"href":"https:\/\/hostnetart.com.br\/baixada\/wp-json\/wp\/v2\/tags?post=3555"}],"curies":[{"name":"wp","href":"https:\/\/api.w.org\/{rel}","templated":true}]}}