{"id":3553,"date":"2017-12-19T12:31:47","date_gmt":"2017-12-19T14:31:47","guid":{"rendered":"https:\/\/hostnetart.com.br\/baixada\/incorporacao-de-funcao-no-bb-ja-aparece-no-contracheque-de-funcionarios\/"},"modified":"2017-12-19T12:31:47","modified_gmt":"2017-12-19T14:31:47","slug":"incorporacao-de-funcao-no-bb-ja-aparece-no-contracheque-de-funcionarios","status":"publish","type":"post","link":"https:\/\/hostnetart.com.br\/baixada\/incorporacao-de-funcao-no-bb-ja-aparece-no-contracheque-de-funcionarios\/","title":{"rendered":"Incorpora\u00e7\u00e3o de fun\u00e7\u00e3o no BB j\u00e1 aparece no contracheque de funcion\u00e1rios"},"content":{"rendered":"<p><em><span style=\"text-decoration: underline;\">Valor foi lan\u00e7ado na folha de pagamento de dezembro em decorr\u00eancia de liminar conseguida pela Contraf-CUT<\/span><\/em><\/p>\n<p>O Banco do Brasil gerou a folha de pagamento do m\u00eas de dezembro de 2017 com a incorpora\u00e7\u00e3o de fun\u00e7\u00e3o de centenas de banc\u00e1rias e banc\u00e1rios de todo o Brasil em raz\u00e3o de liminar conseguida na A\u00e7\u00e3o Civil P\u00fablica n\u00ba 0000695-06.2017.5.10.0017, movida pela Confedera\u00e7\u00e3o Nacional dos Trabalhadores do Ramo Financeiro (Contraf-CUT) e federa\u00e7\u00f5es filiadas. Embora o pagamento seja efetuado dia 20\/12, j\u00e1 \u00e9 poss\u00edvel consultar a folha de pagamento via sistema interno ou acesso pela conta corrente.<\/p>\n<p>A Contraf-CUT enviou hoje um Comunicado aos Sindicatos e Federa\u00e7\u00f5es informando sobre as listas de incorpora\u00e7\u00e3o apresentadas pelo Banco do Brasil no processo e solicitando comunica\u00e7\u00e3o aos banc\u00e1rios e banc\u00e1rias que s\u00e3o p\u00fablico alvo e que n\u00e3o tiveram a incorpora\u00e7\u00e3o registrada na folha de pagamento.<\/p>\n<p>O p\u00fablico alvo da a\u00e7\u00e3o s\u00e3o todos os banc\u00e1rios ou banc\u00e1rias que perderam o cargo ou foram realocados em cargo inferior em decorr\u00eancia da reestrutura\u00e7\u00e3o, iniciada em novembro de 2016, que t\u00eam mais de 10 anos seguidos de comiss\u00e3o ou gratifica\u00e7\u00e3o, mesmo que de caixa.<\/p>\n<p>O Banco deixou de incorporar para v\u00e1rios funcion\u00e1rios, alegando remunera\u00e7\u00e3o atual maior que a m\u00e9dia das gratifica\u00e7\u00f5es de fun\u00e7\u00e3o e para outros n\u00e3o incorporou sem apresentar nenhuma justificativa. <\/p>\n<p>As banc\u00e1rias e banc\u00e1rios que foram atingidos pela reestrutura\u00e7\u00e3o, e n\u00e3o tiveram a gratifica\u00e7\u00e3o de fun\u00e7\u00e3o incorporada, devem entrar em contato com o Sindicato local, informando os seguintes dados:<\/p>\n<p>&#8211; Nome completo<\/p>\n<p>&#8211; Matr\u00edcula <\/p>\n<p>&#8211; Se foi descomissionado ou realocado em cargo inferior<\/p>\n<p>hist\u00f3rico funcional (SISBB) <\/p>\n<p>&#8211; Se tem mais de 10 anos de comiss\u00e3o incluindo Gratifica\u00e7\u00e3o de Caixa<\/p>\n<p>&#8211; Se est\u00e1 ou estava de licen\u00e7a sa\u00fade ou gr\u00e1vida no per\u00edodo da reestrutura\u00e7\u00e3o <\/p>\n<p>Exclus\u00f5es<\/p>\n<p>\u00c9 importante esclarecer que a incorpora\u00e7\u00e3o da gratifica\u00e7\u00e3o pela m\u00e9dia dos \u00faltimos 10 anos decorre da altera\u00e7\u00e3o pelo Tribunal Regional do Trabalho da 10\u00aa Regi\u00e3o da medida liminar concedida em Primeira Inst\u00e2ncia, em raz\u00e3o do mandado de seguran\u00e7a impetrado pelo banco.<\/p>\n<p>De acordo com o BB, os banc\u00e1rios que recebem atualmente remunera\u00e7\u00e3o maior do que a que resultaria com a incorpora\u00e7\u00e3o da m\u00e9dia dos valores recebidos nos \u00faltimos 10 anos ser\u00e3o exclu\u00eddos do recebimento da incorpora\u00e7\u00e3o.<\/p>\n<p>O banco informou ainda que os banc\u00e1rios que j\u00e1 recebem a m\u00e9dia das gratifica\u00e7\u00f5es dos \u00faltimos 10 anos, em decorr\u00eancia de outras demandas judiciais (pagas sob as rubricas 480 e 88) tamb\u00e9m ser\u00e3o exclu\u00eddos da incorpora\u00e7\u00e3o, assim como aqueles que receberam oferta de vagas mesmo que em locais mais distantes.<\/p>\n<p>Para o presidente da Contraf-CUT, Roberto von der Osten, \u201cA Contraf-CUT, neste primeiro momento, discorda das exclus\u00f5es apresentadas pelo banco e vai analis\u00e1-las detalhadamente para garantir o pagamento da incorpora\u00e7\u00e3o a todos os banc\u00e1rios que tenham direito. Ser\u00e3o verificados, tamb\u00e9m, os valores referentes \u00e0 m\u00e9dia calculada pelo banco para aferi\u00e7\u00e3o da corre\u00e7\u00e3o ou n\u00e3o do c\u00e1lculo. \u00c9 importante frisar que se trata de cumprimento de decis\u00e3o liminar e, portanto, provis\u00f3ria\u201d, explicou<\/p>\n<p>De acordo com o coordenador da Comiss\u00e3o de Empresa dos Funcion\u00e1rios do BB, Wagner Nascimento, ver os contracheques com a incorpora\u00e7\u00e3o de fun\u00e7\u00e3o \u00e9 de grande satisfa\u00e7\u00e3o, uma vez que \u00e9 uma repara\u00e7\u00e3o para banc\u00e1rias e banc\u00e1rios que perderam a fun\u00e7\u00e3o. \u201cContudo, para n\u00f3s, o BB ainda n\u00e3o incorporou para todo o p\u00fablico e vamos fazer os devidos recursos no processo. \u00c9 importante nessa hora analisarmos toda documenta\u00e7\u00e3o para que a decis\u00e3o judicial seja cumprida na \u00edntegra\u201d, finalizou.<\/p>\n<p>\u00a0<\/p>\n<p><strong>Fonte: Contraf-CUT<\/strong><\/p>\n","protected":false},"excerpt":{"rendered":"<p>Valor foi lan\u00e7ado na folha de pagamento de dezembro em decorr\u00eancia de liminar conseguida pela Contraf-CUT O Banco do Brasil gerou a folha de pagamento do m\u00eas de dezembro de 2017 com a incorpora\u00e7\u00e3o de fun\u00e7\u00e3o de centenas de banc\u00e1rias e banc\u00e1rios de todo o Brasil em raz\u00e3o de liminar conseguida na A\u00e7\u00e3o Civil P\u00fablica [&hellip;]<\/p>\n","protected":false},"author":2,"featured_media":3552,"comment_status":"","ping_status":"","sticky":false,"template":"","format":"standard","meta":{"footnotes":""},"categories":[3],"tags":[],"class_list":["post-3553","post","type-post","status-publish","format-standard","has-post-thumbnail","hentry","category-noticias"],"_links":{"self":[{"href":"https:\/\/hostnetart.com.br\/baixada\/wp-json\/wp\/v2\/posts\/3553","targetHints":{"allow":["GET"]}}],"collection":[{"href":"https:\/\/hostnetart.com.br\/baixada\/wp-json\/wp\/v2\/posts"}],"about":[{"href":"https:\/\/hostnetart.com.br\/baixada\/wp-json\/wp\/v2\/types\/post"}],"author":[{"embeddable":true,"href":"https:\/\/hostnetart.com.br\/baixada\/wp-json\/wp\/v2\/users\/2"}],"replies":[{"embeddable":true,"href":"https:\/\/hostnetart.com.br\/baixada\/wp-json\/wp\/v2\/comments?post=3553"}],"version-history":[{"count":0,"href":"https:\/\/hostnetart.com.br\/baixada\/wp-json\/wp\/v2\/posts\/3553\/revisions"}],"wp:featuredmedia":[{"embeddable":true,"href":"https:\/\/hostnetart.com.br\/baixada\/wp-json\/wp\/v2\/media\/3552"}],"wp:attachment":[{"href":"https:\/\/hostnetart.com.br\/baixada\/wp-json\/wp\/v2\/media?parent=3553"}],"wp:term":[{"taxonomy":"category","embeddable":true,"href":"https:\/\/hostnetart.com.br\/baixada\/wp-json\/wp\/v2\/categories?post=3553"},{"taxonomy":"post_tag","embeddable":true,"href":"https:\/\/hostnetart.com.br\/baixada\/wp-json\/wp\/v2\/tags?post=3553"}],"curies":[{"name":"wp","href":"https:\/\/api.w.org\/{rel}","templated":true}]}}