{"id":3551,"date":"2017-12-19T12:23:16","date_gmt":"2017-12-19T14:23:16","guid":{"rendered":"https:\/\/hostnetart.com.br\/baixada\/momento-bancario-discute-desafios-e-perspectivas-para-2018\/"},"modified":"2017-12-19T12:23:16","modified_gmt":"2017-12-19T14:23:16","slug":"momento-bancario-discute-desafios-e-perspectivas-para-2018","status":"publish","type":"post","link":"https:\/\/hostnetart.com.br\/baixada\/momento-bancario-discute-desafios-e-perspectivas-para-2018\/","title":{"rendered":"Momento Banc\u00e1rio discute desafios e perspectivas para 2018"},"content":{"rendered":"<p><em><span style=\"text-decoration: underline;\">Juvandia Moreira, Ivone Silva e Vagner Freitas fazem an\u00e1lise do pr\u00f3ximo ano para os trabalhadores<\/span><\/em><\/p>\n<p>O ano de 2017 est\u00e1 quase no fim, por\u00e9m, a luta pelos direitos dos trabalhadores est\u00e1 longe de acabar. Em 2018, a classe trabalhadora passar\u00e1, novamente, por momentos desafiadores em defesa de empregos e direitos, pela preserva\u00e7\u00e3o dos bancos p\u00fablicos e fortalecimento da democracia, al\u00e9m da batalha contra a reforma da Previd\u00eancia.<\/p>\n<p>Para fazer uma an\u00e1lise pela \u00f3tica dos trabalhadores em rela\u00e7\u00e3o ao pr\u00f3ximo per\u00edodo, a vice-presidenta da Confedera\u00e7\u00e3o Nacional dos Trabalhadores do Ramo Financeiro (Contraf-CUT), Juvandia Moreira, participar\u00e1 do programa Momento Banc\u00e1rio com a Presidenta do Sindicato dos Banc\u00e1rios de S\u00e3o Paulo, Ivone Silva. O debate contar\u00e1 tamb\u00e9m com a participa\u00e7\u00e3o do presidente nacional da Central \u00danica dos Trabalhadores (CUT), Vagner Freitas.<\/p>\n<p>A edi\u00e7\u00e3o especial que encerra a temporada do programa de webtv do Sindicato, ser\u00e1 gravada no Tucarena, e vai ao ar nesta segunda-feira (18), com transmiss\u00e3o ao vivo, a partir das 20h, pelo site www.spbancarios.com e redes sociais do Sindicato.<\/p>\n<p><strong>Fonte: Contraf-CUT e Sindicato dos Banc\u00e1rios de S\u00e3o Paulo, Osasco e Regi\u00e3o<\/strong><\/p>\n","protected":false},"excerpt":{"rendered":"<p>Juvandia Moreira, Ivone Silva e Vagner Freitas fazem an\u00e1lise do pr\u00f3ximo ano para os trabalhadores O ano de 2017 est\u00e1 quase no fim, por\u00e9m, a luta pelos direitos dos trabalhadores est\u00e1 longe de acabar. Em 2018, a classe trabalhadora passar\u00e1, novamente, por momentos desafiadores em defesa de empregos e direitos, pela preserva\u00e7\u00e3o dos bancos p\u00fablicos [&hellip;]<\/p>\n","protected":false},"author":2,"featured_media":3550,"comment_status":"","ping_status":"","sticky":false,"template":"","format":"standard","meta":{"footnotes":""},"categories":[3],"tags":[],"class_list":["post-3551","post","type-post","status-publish","format-standard","has-post-thumbnail","hentry","category-noticias"],"_links":{"self":[{"href":"https:\/\/hostnetart.com.br\/baixada\/wp-json\/wp\/v2\/posts\/3551","targetHints":{"allow":["GET"]}}],"collection":[{"href":"https:\/\/hostnetart.com.br\/baixada\/wp-json\/wp\/v2\/posts"}],"about":[{"href":"https:\/\/hostnetart.com.br\/baixada\/wp-json\/wp\/v2\/types\/post"}],"author":[{"embeddable":true,"href":"https:\/\/hostnetart.com.br\/baixada\/wp-json\/wp\/v2\/users\/2"}],"replies":[{"embeddable":true,"href":"https:\/\/hostnetart.com.br\/baixada\/wp-json\/wp\/v2\/comments?post=3551"}],"version-history":[{"count":0,"href":"https:\/\/hostnetart.com.br\/baixada\/wp-json\/wp\/v2\/posts\/3551\/revisions"}],"wp:featuredmedia":[{"embeddable":true,"href":"https:\/\/hostnetart.com.br\/baixada\/wp-json\/wp\/v2\/media\/3550"}],"wp:attachment":[{"href":"https:\/\/hostnetart.com.br\/baixada\/wp-json\/wp\/v2\/media?parent=3551"}],"wp:term":[{"taxonomy":"category","embeddable":true,"href":"https:\/\/hostnetart.com.br\/baixada\/wp-json\/wp\/v2\/categories?post=3551"},{"taxonomy":"post_tag","embeddable":true,"href":"https:\/\/hostnetart.com.br\/baixada\/wp-json\/wp\/v2\/tags?post=3551"}],"curies":[{"name":"wp","href":"https:\/\/api.w.org\/{rel}","templated":true}]}}