{"id":3549,"date":"2017-12-18T15:51:52","date_gmt":"2017-12-18T17:51:52","guid":{"rendered":"https:\/\/hostnetart.com.br\/baixada\/bb-onde-ha-fumaca-ha-fogo\/"},"modified":"2017-12-18T15:51:52","modified_gmt":"2017-12-18T17:51:52","slug":"bb-onde-ha-fumaca-ha-fogo","status":"publish","type":"post","link":"https:\/\/hostnetart.com.br\/baixada\/bb-onde-ha-fumaca-ha-fogo\/","title":{"rendered":"BB: Onde h\u00e1 fuma\u00e7a, h\u00e1 fogo"},"content":{"rendered":"<div class=\"content\">\n<p>O Conselho de Administra\u00e7\u00e3o do Banco do Brasil, \u00f3rg\u00e3o m\u00e1ximo de decis\u00e3o da institui\u00e7\u00e3o financeira, se reunir\u00e1 na segunda-feira 18. O conselheiro eleito pelos trabalhadores, Fabiano F\u00e9lix, n\u00e3o foi autorizado a participar de todas as discuss\u00f5es. A restri\u00e7\u00e3o gerou estranhamento, principalmente ap\u00f3s o Correio Brasiliense publicar mat\u00e9ria sobre uma <a href=\"http:\/\/www.contrafcut.org.br\/noticias\/mais-uma-vez-funcionarios-sao-informados-pela-imprensa-sobre-reestruturacao-no-b-ff94\" target=\"_blank\" rel=\"noopener noreferrer\"><ins><strong>poss\u00edvel reestrutura\u00e7\u00e3o<\/strong><\/ins>.<\/a><\/p>\n<p>\u201cOnde h\u00e1 fuma\u00e7a, h\u00e1 fogo. E os funcion\u00e1rios precisam estar atentos, ainda mais se levarmos em conta o farto hist\u00f3rico de inverdades e desinforma\u00e7\u00f5es divulgadas pela atual dire\u00e7\u00e3o do Banco do Brasil e, principalmente, pelo seu presidente, Paulo Caffarelli\u201d, critica o diretor executivo do Sindicato dos Banc\u00e1rios de S\u00e3o Paulo, Osasco e Regi\u00e3o e banc\u00e1rio do Banco do Brasil, Jo\u00e3o Fukunaga.<\/p>\n<p>\u201cE, mais uma vez no final do ano, somos surpreendidos por uma decis\u00e3o do CA depois de uma mat\u00e9ria jornal\u00edstica. Viveremos novamente 2016, quando o <em>Fant\u00e1stico <\/em>anunciou uma tremenda reestrutura\u00e7\u00e3o no BB?\u201d, questiona Fukunaga.<\/p>\n<p>O movimento sindical far\u00e1 um protesto no dia em que a reuni\u00e3o estiver ocorrendo, em rep\u00fadio \u00e0 falta de transpar\u00eancia demonstrada pela atual dire\u00e7\u00e3o.<\/p>\n<p>Pela legisla\u00e7\u00e3o vigente, o representante dos trabalhadores nos Conselhos de Administra\u00e7\u00e3o de estatais e Empresas de Economia Mista n\u00e3o pode participar de assuntos relacionados ao funcionalismo devido a alegados conflitos de interesses. O movimento sindical sempre se posicionou contra a legisla\u00e7\u00e3o dos representantes dos funcion\u00e1rios no Conselho de Administra\u00e7\u00e3o.<\/p>\n<p>\u201cMesmo a legisla\u00e7\u00e3o sendo contr\u00e1ria, a dire\u00e7\u00e3o do BB cai no contradit\u00f3rio ao divulgar em todos os canais os compromissos com os seus funcion\u00e1rios, a transpar\u00eancia da gest\u00e3o proveniente de um modelo de governan\u00e7a corporativa do novo mercado. Ent\u00e3o fica a d\u00favida: depois de veiculado na m\u00eddia, um poss\u00edvel furo de reportagem, de que viria uma nova reestrutura\u00e7\u00e3o no BB, a decis\u00e3o de excluir o representante dos trabalhadores da reuni\u00e3o, mesmo que n\u00e3o tenha direito a voz e voto, deixa a todos muito preocupados.<\/p>\n<p>\u201cN\u00e3o adianta a dire\u00e7\u00e3o do banco dizer que est\u00e1 preocupada com os funcion\u00e1rios, se age surdina. Os trabalhadores exigem participar, por meio do seu representante eleito, de qualquer discuss\u00e3o a respeito de mudan\u00e7as que poder\u00e3o impactar diretamente suas condi\u00e7\u00f5es de trabalho e suas vidas. Vamos lutar por uma verdadeira transpar\u00eancia e contra qualquer medida que afete a vida dos colegas\u201d, afirma Jo\u00e3o Fukunaga.<\/p>\n<\/div>\n<p id=\"page-author\"><strong>Fonte: SPBanc\u00e1rios<\/strong><\/p>\n","protected":false},"excerpt":{"rendered":"<p>O Conselho de Administra\u00e7\u00e3o do Banco do Brasil, \u00f3rg\u00e3o m\u00e1ximo de decis\u00e3o da institui\u00e7\u00e3o financeira, se reunir\u00e1 na segunda-feira 18. O conselheiro eleito pelos trabalhadores, Fabiano F\u00e9lix, n\u00e3o foi autorizado a participar de todas as discuss\u00f5es. A restri\u00e7\u00e3o gerou estranhamento, principalmente ap\u00f3s o Correio Brasiliense publicar mat\u00e9ria sobre uma poss\u00edvel reestrutura\u00e7\u00e3o. \u201cOnde h\u00e1 fuma\u00e7a, h\u00e1 [&hellip;]<\/p>\n","protected":false},"author":2,"featured_media":3548,"comment_status":"","ping_status":"","sticky":false,"template":"","format":"standard","meta":{"footnotes":""},"categories":[3],"tags":[],"class_list":["post-3549","post","type-post","status-publish","format-standard","has-post-thumbnail","hentry","category-noticias"],"_links":{"self":[{"href":"https:\/\/hostnetart.com.br\/baixada\/wp-json\/wp\/v2\/posts\/3549","targetHints":{"allow":["GET"]}}],"collection":[{"href":"https:\/\/hostnetart.com.br\/baixada\/wp-json\/wp\/v2\/posts"}],"about":[{"href":"https:\/\/hostnetart.com.br\/baixada\/wp-json\/wp\/v2\/types\/post"}],"author":[{"embeddable":true,"href":"https:\/\/hostnetart.com.br\/baixada\/wp-json\/wp\/v2\/users\/2"}],"replies":[{"embeddable":true,"href":"https:\/\/hostnetart.com.br\/baixada\/wp-json\/wp\/v2\/comments?post=3549"}],"version-history":[{"count":0,"href":"https:\/\/hostnetart.com.br\/baixada\/wp-json\/wp\/v2\/posts\/3549\/revisions"}],"wp:featuredmedia":[{"embeddable":true,"href":"https:\/\/hostnetart.com.br\/baixada\/wp-json\/wp\/v2\/media\/3548"}],"wp:attachment":[{"href":"https:\/\/hostnetart.com.br\/baixada\/wp-json\/wp\/v2\/media?parent=3549"}],"wp:term":[{"taxonomy":"category","embeddable":true,"href":"https:\/\/hostnetart.com.br\/baixada\/wp-json\/wp\/v2\/categories?post=3549"},{"taxonomy":"post_tag","embeddable":true,"href":"https:\/\/hostnetart.com.br\/baixada\/wp-json\/wp\/v2\/tags?post=3549"}],"curies":[{"name":"wp","href":"https:\/\/api.w.org\/{rel}","templated":true}]}}