{"id":3543,"date":"2017-12-18T15:45:01","date_gmt":"2017-12-18T17:45:01","guid":{"rendered":"https:\/\/hostnetart.com.br\/baixada\/bancarios-recebem-mais-um-presente-de-natal-do-santander\/"},"modified":"2017-12-18T15:45:01","modified_gmt":"2017-12-18T17:45:01","slug":"bancarios-recebem-mais-um-presente-de-natal-do-santander","status":"publish","type":"post","link":"https:\/\/hostnetart.com.br\/baixada\/bancarios-recebem-mais-um-presente-de-natal-do-santander\/","title":{"rendered":"Banc\u00e1rios recebem mais um \u201cpresente de Natal\u201d do Santander"},"content":{"rendered":"<div class=\"content\">\n<p>Santander deu um show com a Ivete Sangalo para os funcion\u00e1rios como festa de final de ano. Adivinha quem vai pagar a conta? Leia at\u00e9 o final que voc\u00ea vai descobrir.<\/p>\n<p>Os trabalhadores do Santander, que s\u00e3o usu\u00e1rios da Cabesp, receberam nesta sexta-feira, dia 15, um \u201cpresente de Natal\u201d, que mais parece um presente de grego quando foram conferir suas contas correntes.<\/p>\n<p>Historicamente, o pagamento dos sal\u00e1rios no m\u00eas de dezembro \u00e9 antecipado cinco dias, mas n\u00e3o foi o que aconteceu desta vez.<\/p>\n<p>Os trabalhadores foram surpreendidos pela falta do pagamento e, o que \u00e9 pior, com o d\u00e9bito da coparticipa\u00e7\u00e3o da Cabesp, que tinha sido informada pelo Santander que a folha seria antecipada para o dia 15.<\/p>\n<p>Nenhum comunicado de que o pagamento seria no dia 20 chegou aos banc\u00e1rios, consequentemente, todos aguardavam o pagamento no dia 15 como sempre foi feito no m\u00eas de Dezembro.<\/p>\n<p>\u201cEssa postura do Santander demonstra que sua \u00fanica preocupa\u00e7\u00e3o \u00e9 acumular lucros a custa dos trabalhadores, usando durante esses cinco dias o dinheiro da folha de pagamento para ganhar com juros no mercado financeiro, enquanto seus funcion\u00e1rios passam sufoco\u201d, comenta o presidente da Afubesp, Camilo Fernandes.<\/p>\n<p>\u201c\u00c9 por esse motivo tamb\u00e9m que pretende mudar a data de pagamento dos banc\u00e1rios do dia 20 para o dia 30, a partir de mar\u00e7o de 2018. Tamb\u00e9m vai alterar o pagamento do d\u00e9cimo terceiro sal\u00e1rio \u2013 a primeira parcela ser\u00e1 em maio (e n\u00e3o mais em mar\u00e7o) e a segunda em dezembro (n\u00e3o mais em novembro como sempre foi). Santander s\u00f3 pensa na sua lucratividade, os trabalhadores que se virem\u201d, completa Fernandes.<\/p>\n<p>A Afubesp entrou em contato tanto com a dire\u00e7\u00e3o do Santander, como com a da Cabesp. A Presidente da Caixa Beneficente informou que ser\u00e1 feito o estorno do valor ainda no dia de hoje.<\/p>\n<p><span style=\"text-decoration: underline;\"><strong><em>O que vir\u00e1<\/em><\/strong><\/span><br \/> O Santander j\u00e1 avisou que em 2018 quer que os funcion\u00e1rios aumentem o lucro de R$ 10 bilh\u00f5es para R$ 12 bilh\u00f5es, ou seja, um aumento de 20%. Tudo isso leva a crer que mais maldades j\u00e1 est\u00e3o no calend\u00e1rio do banco espanhol, que certamente vir\u00e3o por meio de metas abusivas e ass\u00e9dio.<\/p>\n<\/div>\n<p id=\"page-author\"><strong>Fonte: Afubesp<\/strong><\/p>\n","protected":false},"excerpt":{"rendered":"<p>Santander deu um show com a Ivete Sangalo para os funcion\u00e1rios como festa de final de ano. Adivinha quem vai pagar a conta? Leia at\u00e9 o final que voc\u00ea vai descobrir. Os trabalhadores do Santander, que s\u00e3o usu\u00e1rios da Cabesp, receberam nesta sexta-feira, dia 15, um \u201cpresente de Natal\u201d, que mais parece um presente de [&hellip;]<\/p>\n","protected":false},"author":2,"featured_media":3542,"comment_status":"","ping_status":"","sticky":false,"template":"","format":"standard","meta":{"footnotes":""},"categories":[3],"tags":[],"class_list":["post-3543","post","type-post","status-publish","format-standard","has-post-thumbnail","hentry","category-noticias"],"_links":{"self":[{"href":"https:\/\/hostnetart.com.br\/baixada\/wp-json\/wp\/v2\/posts\/3543","targetHints":{"allow":["GET"]}}],"collection":[{"href":"https:\/\/hostnetart.com.br\/baixada\/wp-json\/wp\/v2\/posts"}],"about":[{"href":"https:\/\/hostnetart.com.br\/baixada\/wp-json\/wp\/v2\/types\/post"}],"author":[{"embeddable":true,"href":"https:\/\/hostnetart.com.br\/baixada\/wp-json\/wp\/v2\/users\/2"}],"replies":[{"embeddable":true,"href":"https:\/\/hostnetart.com.br\/baixada\/wp-json\/wp\/v2\/comments?post=3543"}],"version-history":[{"count":0,"href":"https:\/\/hostnetart.com.br\/baixada\/wp-json\/wp\/v2\/posts\/3543\/revisions"}],"wp:featuredmedia":[{"embeddable":true,"href":"https:\/\/hostnetart.com.br\/baixada\/wp-json\/wp\/v2\/media\/3542"}],"wp:attachment":[{"href":"https:\/\/hostnetart.com.br\/baixada\/wp-json\/wp\/v2\/media?parent=3543"}],"wp:term":[{"taxonomy":"category","embeddable":true,"href":"https:\/\/hostnetart.com.br\/baixada\/wp-json\/wp\/v2\/categories?post=3543"},{"taxonomy":"post_tag","embeddable":true,"href":"https:\/\/hostnetart.com.br\/baixada\/wp-json\/wp\/v2\/tags?post=3543"}],"curies":[{"name":"wp","href":"https:\/\/api.w.org\/{rel}","templated":true}]}}