{"id":3541,"date":"2017-12-18T15:42:23","date_gmt":"2017-12-18T17:42:23","guid":{"rendered":"https:\/\/hostnetart.com.br\/baixada\/coletivo-juridico-da-contraf-cut-debate-sobre-os-impactos-da-reforma-trabalhista\/"},"modified":"2017-12-18T15:42:23","modified_gmt":"2017-12-18T17:42:23","slug":"coletivo-juridico-da-contraf-cut-debate-sobre-os-impactos-da-reforma-trabalhista","status":"publish","type":"post","link":"https:\/\/hostnetart.com.br\/baixada\/coletivo-juridico-da-contraf-cut-debate-sobre-os-impactos-da-reforma-trabalhista\/","title":{"rendered":"Coletivo Jur\u00eddico da Contraf-CUT debate sobre os impactos da reforma trabalhista"},"content":{"rendered":"<div class=\"content\">\n<p>O Coletivo Jur\u00eddico Nacional da Confedera\u00e7\u00e3o Nacional dos Trabalhadores do Ramo Financeiro se reuniu, nesta quinta-feira (14), com 50 representantes jur\u00eddicos de v\u00e1rias federa\u00e7\u00f5es e sindicatos do pa\u00eds para debater os primeiros impactos da reforma trabalhista, vigorada em 11 de novembro.<\/p>\n<p>O encontro analisou os efeitos imediatos da nova lei trabalhista na vida dos trabalhadores e tra\u00e7ou estrat\u00e9gias para que seja mantida a resist\u00eancia em defesa dos direitos sociais. \u201cUma mudan\u00e7a feita nas propor\u00e7\u00f5es gigantescas como a que foi feita no Brasil, que muda regras de negocia\u00e7\u00e3o, contrata\u00e7\u00e3o e representa\u00e7\u00e3o sindical, deixa lacunas e danos. Esta reuni\u00e3o jur\u00eddica \u00e9 fundamental. Busca pacificar opini\u00f5es jur\u00eddicas para que os dirigentes e os trabalhadores escolham caminhos pol\u00edticos. Conhecer \u00e9 poder\u201d, explicou o presidente da Contraf-CUT, Roberto von der Osten.<\/p>\n<p>O secret\u00e1rio de Assuntos Jur\u00eddicos da Contraf-CUT, Mauri Sergio Martins de Souza, defendeu o direito dos trabalhadores \u00e0 justi\u00e7a gratuita. \u201cHoje j\u00e1 temos visto trabalhadores condenados em 1\u00aa inst\u00e2ncia a pagarem verbas, chamadas de sucumb\u00eancia, aos patr\u00f5es. Isso \u00e9 inadmiss\u00edvel. \u00c9 uma afronta ao princ\u00edpio de livre acesso \u00e0 justi\u00e7a\u201d, afirmou.<\/p>\n<p>De acordo com Mauri, alguns bancos tamb\u00e9m tentam implementar pontos da reforma trabalhista sem discutir antecipadamente com os sindicatos. \u00a0\u201cA Contraf-CUT est\u00e1 atenta na defesa intransigente dos direitos dos banc\u00e1rios e dos trabalhadores em geral para que tenham assegurados as garantias previstas na Conven\u00e7\u00e3o Coletiva do Trabalho e na Constitui\u00e7\u00e3o Federal. Disso n\u00e3o abriremos m\u00e3o\u201d, explicou.<\/p>\n<\/div>\n<p id=\"page-author\"><strong>Fonte: Contraf-CUT<\/strong><\/p>\n","protected":false},"excerpt":{"rendered":"<p>O Coletivo Jur\u00eddico Nacional da Confedera\u00e7\u00e3o Nacional dos Trabalhadores do Ramo Financeiro se reuniu, nesta quinta-feira (14), com 50 representantes jur\u00eddicos de v\u00e1rias federa\u00e7\u00f5es e sindicatos do pa\u00eds para debater os primeiros impactos da reforma trabalhista, vigorada em 11 de novembro. O encontro analisou os efeitos imediatos da nova lei trabalhista na vida dos trabalhadores [&hellip;]<\/p>\n","protected":false},"author":2,"featured_media":3540,"comment_status":"","ping_status":"","sticky":false,"template":"","format":"standard","meta":{"footnotes":""},"categories":[3],"tags":[],"class_list":["post-3541","post","type-post","status-publish","format-standard","has-post-thumbnail","hentry","category-noticias"],"_links":{"self":[{"href":"https:\/\/hostnetart.com.br\/baixada\/wp-json\/wp\/v2\/posts\/3541","targetHints":{"allow":["GET"]}}],"collection":[{"href":"https:\/\/hostnetart.com.br\/baixada\/wp-json\/wp\/v2\/posts"}],"about":[{"href":"https:\/\/hostnetart.com.br\/baixada\/wp-json\/wp\/v2\/types\/post"}],"author":[{"embeddable":true,"href":"https:\/\/hostnetart.com.br\/baixada\/wp-json\/wp\/v2\/users\/2"}],"replies":[{"embeddable":true,"href":"https:\/\/hostnetart.com.br\/baixada\/wp-json\/wp\/v2\/comments?post=3541"}],"version-history":[{"count":0,"href":"https:\/\/hostnetart.com.br\/baixada\/wp-json\/wp\/v2\/posts\/3541\/revisions"}],"wp:featuredmedia":[{"embeddable":true,"href":"https:\/\/hostnetart.com.br\/baixada\/wp-json\/wp\/v2\/media\/3540"}],"wp:attachment":[{"href":"https:\/\/hostnetart.com.br\/baixada\/wp-json\/wp\/v2\/media?parent=3541"}],"wp:term":[{"taxonomy":"category","embeddable":true,"href":"https:\/\/hostnetart.com.br\/baixada\/wp-json\/wp\/v2\/categories?post=3541"},{"taxonomy":"post_tag","embeddable":true,"href":"https:\/\/hostnetart.com.br\/baixada\/wp-json\/wp\/v2\/tags?post=3541"}],"curies":[{"name":"wp","href":"https:\/\/api.w.org\/{rel}","templated":true}]}}