{"id":3533,"date":"2017-12-14T17:58:34","date_gmt":"2017-12-14T19:58:34","guid":{"rendered":"https:\/\/hostnetart.com.br\/baixada\/inspir-debate-impactos-da-reforma-trabalhista-sobre-a-populacao-negra\/"},"modified":"2017-12-14T17:58:34","modified_gmt":"2017-12-14T19:58:34","slug":"inspir-debate-impactos-da-reforma-trabalhista-sobre-a-populacao-negra","status":"publish","type":"post","link":"https:\/\/hostnetart.com.br\/baixada\/inspir-debate-impactos-da-reforma-trabalhista-sobre-a-populacao-negra\/","title":{"rendered":"Inspir debate impactos da reforma trabalhista sobre a popula\u00e7\u00e3o negra"},"content":{"rendered":"<p><em><span style=\"text-decoration: underline;\">Diretor da Contraf-CUT \u00e9 eleito para a dire\u00e7\u00e3o do instituto<\/span><\/em><\/p>\n<p>Os impactos da Reforma Trabalhista para os trabalhadores negros e negras foi tema de debate promovido pelo Instituto Sindical Interamericano Pela Igualdade Racial na \u00faltima segunda-feira (11) na cidade de S\u00e3o Paulo.<\/p>\n<p>O evento contou com a participa\u00e7\u00e3o de representantes do Inspir, da OAB-SP e t\u00e9cnicos do Dieese, que debateram a inser\u00e7\u00e3o da popula\u00e7\u00e3o negra no mercado de trabalho e a falta de oportunidades para os jovens negros.<\/p>\n<p>A grande massa dessa popula\u00e7\u00e3o est\u00e1 nos empregos de menores sal\u00e1rios, no mercado informal ou mesmo \u00e0 margem de todo o processo da vida econ\u00f4mica da sociedade. Como se n\u00e3o bastasse os negros receberem 40% a menos de m\u00e9dia salarial em rela\u00e7\u00e3o aos trabalhadores de pele branca, al\u00e9m de serem os mais atingidos pelo desemprego, 28,5% entre negros e pardos e 9,5% entre brancos, segundo o IBGE.<\/p>\n<p>Segundo o Secret\u00e1rio de Combate ao Racismo da Contraf-CUT Almir Aguiar, com a reforma trabalhista a comunidade afrodescendente ter\u00e1 de se submeter a condi\u00e7\u00f5es ainda mais prec\u00e1rias de trabalho, ocupar as fun\u00e7\u00f5es mais exploradas e com menor remunera\u00e7\u00e3o. Para ele, o que j\u00e1 \u00e9 trabalho precarizado, agora vai se tornar muito pior.<\/p>\n<p>\u201cEssa reforma aprovada pelo governo ileg\u00edtimo do presidente Temer, \u00e9 o maior retrocesso social da hist\u00f3ria de nosso pa\u00eds, o governo e a m\u00eddia tratam a reforma como moderniza\u00e7\u00e3o e flexibiliza\u00e7\u00e3o, no fundo \u00e9 retirada de direitos e destrui\u00e7\u00e3o da mais importante rede de prote\u00e7\u00e3o dos direitos trabalhistas conquistados pelos trabalhadores no governo Get\u00falio Vargas, a nossa CLT- Consolida\u00e7\u00e3o das Leis do Trabalho\u201d, disse Almir.<\/p>\n<p><strong><em>Nova dire\u00e7\u00e3o eleita<\/em><\/strong><br \/>Em Assembleia Geral Ordin\u00e1ria e Extraordin\u00e1ria do Instituto Sindical Interamericano Pela Igualdade Racial (Inspir), onde foi debatido a reforma do Estatuto Social, plano de trabalho e Planejamento Or\u00e7ament\u00e1rio para o exerc\u00edcio de 2018. Tamb\u00e9m foi eleita a nova dire\u00e7\u00e3o e conselhos para o exerc\u00edcio 2018\/2020. O Diretor da Secretaria de Combate ao Racismo da Contraf-CUT Almir Aguiar, foi eleito membro titular do Conselho Fiscal.<\/p>\n<p><em><strong>Resgate Hist\u00f3rico<\/strong><\/em><br \/>Em 1994, os sindicalistas da CUT e diversas outras centrais sindicais realizaram a I Confer\u00eancia Sindical Interamericana Pela Igualdade Racial, na cidade de Salvador-BA. J\u00e1 em agosto de 1995, foi realizada a II Confer\u00eancia Internacional de Sindicalistas em Washington nos Estados Unidos, onde a principal delibera\u00e7\u00e3o foi a cria\u00e7\u00e3o de uma Funda\u00e7\u00e3o cujo nome seria, Funda\u00e7\u00e3o Zumbi dos Palmares-Martim Luther King. Em reuni\u00e3o no Brasil em novembro de 1995, os dirigentes sindicais negros do Brasil, apresentaram para as centrais sindicais a proposta de criar um Instituto. Neste sentido, deliberou-se pela cria\u00e7\u00e3o do Instituto, que deveria ser fundado quando das comemora\u00e7\u00f5es dos 300 anos de Zumbi dos Palmares. Desta forma, a solenidade de Instala\u00e7\u00e3o do INSPIR ocorreu na sede da OIT no Brasil, em Bras\u00edlia em 20 de novembro de 1995, com a presen\u00e7a de autoridades, movimentos sociais brasileiros e internacionais.<\/p>\n<p><strong>Fonte: Contraf-CUT<\/strong><\/p>\n","protected":false},"excerpt":{"rendered":"<p>Diretor da Contraf-CUT \u00e9 eleito para a dire\u00e7\u00e3o do instituto Os impactos da Reforma Trabalhista para os trabalhadores negros e negras foi tema de debate promovido pelo Instituto Sindical Interamericano Pela Igualdade Racial na \u00faltima segunda-feira (11) na cidade de S\u00e3o Paulo. O evento contou com a participa\u00e7\u00e3o de representantes do Inspir, da OAB-SP e [&hellip;]<\/p>\n","protected":false},"author":2,"featured_media":3532,"comment_status":"","ping_status":"","sticky":false,"template":"","format":"standard","meta":{"footnotes":""},"categories":[3],"tags":[],"class_list":["post-3533","post","type-post","status-publish","format-standard","has-post-thumbnail","hentry","category-noticias"],"_links":{"self":[{"href":"https:\/\/hostnetart.com.br\/baixada\/wp-json\/wp\/v2\/posts\/3533","targetHints":{"allow":["GET"]}}],"collection":[{"href":"https:\/\/hostnetart.com.br\/baixada\/wp-json\/wp\/v2\/posts"}],"about":[{"href":"https:\/\/hostnetart.com.br\/baixada\/wp-json\/wp\/v2\/types\/post"}],"author":[{"embeddable":true,"href":"https:\/\/hostnetart.com.br\/baixada\/wp-json\/wp\/v2\/users\/2"}],"replies":[{"embeddable":true,"href":"https:\/\/hostnetart.com.br\/baixada\/wp-json\/wp\/v2\/comments?post=3533"}],"version-history":[{"count":0,"href":"https:\/\/hostnetart.com.br\/baixada\/wp-json\/wp\/v2\/posts\/3533\/revisions"}],"wp:featuredmedia":[{"embeddable":true,"href":"https:\/\/hostnetart.com.br\/baixada\/wp-json\/wp\/v2\/media\/3532"}],"wp:attachment":[{"href":"https:\/\/hostnetart.com.br\/baixada\/wp-json\/wp\/v2\/media?parent=3533"}],"wp:term":[{"taxonomy":"category","embeddable":true,"href":"https:\/\/hostnetart.com.br\/baixada\/wp-json\/wp\/v2\/categories?post=3533"},{"taxonomy":"post_tag","embeddable":true,"href":"https:\/\/hostnetart.com.br\/baixada\/wp-json\/wp\/v2\/tags?post=3533"}],"curies":[{"name":"wp","href":"https:\/\/api.w.org\/{rel}","templated":true}]}}