{"id":3529,"date":"2017-12-14T15:39:24","date_gmt":"2017-12-14T17:39:24","guid":{"rendered":"https:\/\/hostnetart.com.br\/baixada\/volume-de-vendas-do-comercio-cai-de-setembro-para-outubro\/"},"modified":"2017-12-14T15:39:24","modified_gmt":"2017-12-14T17:39:24","slug":"volume-de-vendas-do-comercio-cai-de-setembro-para-outubro","status":"publish","type":"post","link":"https:\/\/hostnetart.com.br\/baixada\/volume-de-vendas-do-comercio-cai-de-setembro-para-outubro\/","title":{"rendered":"Volume de vendas do com\u00e9rcio cai de setembro para outubro"},"content":{"rendered":"<p>De setembro para outubro, o volume de vendas do com\u00e9rcio varejista registrou queda de 0,9%, segundo o IBGE, enquanto a receita nominal caiu 0,5%. Na compara\u00e7\u00e3o com outubro do ano passado, as vendas crescem 2,5%, s\u00e9tima taxa positiva seguida, mas em ritmo bem menor do que em setembro (6,2%). No acumulado do ano, o instituto apura alta de 1,4% (1,9% na receita). Em 12 meses, o resultado mostra estabilidade (0,3%).<\/p>\n<p>Cinco das oito atividades pesquisadas tiveram resultado negativo no m\u00eas, com destaque para tecidos, vestu\u00e1rio e cal\u00e7ados (-2,7%) e m\u00f3veis e eletrodom\u00e9sticos (-2,3%). Um dos segmentos de maior peso, o de hipermercados, supermercados, produtos aliment\u00edcios, bebidas e fumo, registrou recuo de 0,3%, ap\u00f3s seis taxas positivas. Tamb\u00e9m teve queda o setor de ve\u00edculos, motos, partes e pe\u00e7as (-1,9%), al\u00e9m de material de constru\u00e7\u00e3o (-1%), que fazem parte do chamado varejo ampliado.<\/p>\n<p>Os tr\u00eas setores em alta foram equipamentos e material para escrit\u00f3rio, inform\u00e1tica e comunica\u00e7\u00e3o (3,4%), combust\u00edveis e lubrificantes e livros, jornais, revistas e papelaria, os dois \u00faltimos com varia\u00e7\u00e3o de 2,4%.<\/p>\n<p>Em rela\u00e7\u00e3o a outubro do ano passado, o varejo teve crescimento em seis das oito atividades, chegando a 10,1% em m\u00f3veis e eletrodom\u00e9sticos e a 1,5% em hipermercados\/supermercados. Tecidos\/vestu\u00e1rio teve aumento de 4,7%, enquanto combust\u00edveis e lubrificantes (-0,9%) e livros\/jornais (-2,8%) ca\u00edram. No com\u00e9rcio ampliado, ve\u00edculos\/motos cresceu 13,6% e material de constru\u00e7\u00e3o subiu 18,6%.<\/p>\n<p>De setembro para outubro, o\u00a0com\u00e9rcio varejista\u00a0recuou em 22 das 27 unidades da federa\u00e7\u00e3o. Ante outubro de 2016, o movimento cresceu em todas.<\/p>\n<p>\u00a0<\/p>\n<p><strong>FONTE: REDE BRASIL ATUAL<\/strong><\/p>\n","protected":false},"excerpt":{"rendered":"<p>De setembro para outubro, o volume de vendas do com\u00e9rcio varejista registrou queda de 0,9%, segundo o IBGE, enquanto a receita nominal caiu 0,5%. Na compara\u00e7\u00e3o com outubro do ano passado, as vendas crescem 2,5%, s\u00e9tima taxa positiva seguida, mas em ritmo bem menor do que em setembro (6,2%). No acumulado do ano, o instituto [&hellip;]<\/p>\n","protected":false},"author":2,"featured_media":3528,"comment_status":"","ping_status":"","sticky":false,"template":"","format":"standard","meta":{"footnotes":""},"categories":[3],"tags":[],"class_list":["post-3529","post","type-post","status-publish","format-standard","has-post-thumbnail","hentry","category-noticias"],"_links":{"self":[{"href":"https:\/\/hostnetart.com.br\/baixada\/wp-json\/wp\/v2\/posts\/3529","targetHints":{"allow":["GET"]}}],"collection":[{"href":"https:\/\/hostnetart.com.br\/baixada\/wp-json\/wp\/v2\/posts"}],"about":[{"href":"https:\/\/hostnetart.com.br\/baixada\/wp-json\/wp\/v2\/types\/post"}],"author":[{"embeddable":true,"href":"https:\/\/hostnetart.com.br\/baixada\/wp-json\/wp\/v2\/users\/2"}],"replies":[{"embeddable":true,"href":"https:\/\/hostnetart.com.br\/baixada\/wp-json\/wp\/v2\/comments?post=3529"}],"version-history":[{"count":0,"href":"https:\/\/hostnetart.com.br\/baixada\/wp-json\/wp\/v2\/posts\/3529\/revisions"}],"wp:featuredmedia":[{"embeddable":true,"href":"https:\/\/hostnetart.com.br\/baixada\/wp-json\/wp\/v2\/media\/3528"}],"wp:attachment":[{"href":"https:\/\/hostnetart.com.br\/baixada\/wp-json\/wp\/v2\/media?parent=3529"}],"wp:term":[{"taxonomy":"category","embeddable":true,"href":"https:\/\/hostnetart.com.br\/baixada\/wp-json\/wp\/v2\/categories?post=3529"},{"taxonomy":"post_tag","embeddable":true,"href":"https:\/\/hostnetart.com.br\/baixada\/wp-json\/wp\/v2\/tags?post=3529"}],"curies":[{"name":"wp","href":"https:\/\/api.w.org\/{rel}","templated":true}]}}