{"id":3525,"date":"2017-12-13T15:20:15","date_gmt":"2017-12-13T17:20:15","guid":{"rendered":"https:\/\/hostnetart.com.br\/baixada\/coletivo-juridico-nacional-da-contraf-cut-se-reunira-nesta-quinta-14\/"},"modified":"2017-12-13T15:20:15","modified_gmt":"2017-12-13T17:20:15","slug":"coletivo-juridico-nacional-da-contraf-cut-se-reunira-nesta-quinta-14","status":"publish","type":"post","link":"https:\/\/hostnetart.com.br\/baixada\/coletivo-juridico-nacional-da-contraf-cut-se-reunira-nesta-quinta-14\/","title":{"rendered":"Coletivo Jur\u00eddico Nacional da Contraf-CUT se reunir\u00e1 nesta quinta (14)"},"content":{"rendered":"<p><em><span style=\"text-decoration: underline;\">Reuni\u00e3o abordar\u00e1 os efeitos da reforma trabalhista no movimento sindical<\/span><\/em><\/p>\n<p>O Coletivo Jur\u00eddico Nacional da Contraf-CUT se reunir\u00e1 nesta quinta-feira (14), \u00e0s 10h, na sede da Contraf-CUT, em S\u00e3o Paulo, para debater os efeitos imediatos da Reforma Trabalhista com \u00eanfase na representa\u00e7\u00e3o e financiamento sindical, na Comiss\u00e3o de Representantes, entre outros.<\/p>\n<p>A reuni\u00e3o contar\u00e1 com a presen\u00e7a de diretores, secret\u00e1rios jur\u00eddicos e suas respectivas assessorias jur\u00eddicas.<\/p>\n<p><strong>Fonte: Contraf-CUT<\/strong><\/p>\n<p>\u00a0<\/p>\n","protected":false},"excerpt":{"rendered":"<p>Reuni\u00e3o abordar\u00e1 os efeitos da reforma trabalhista no movimento sindical O Coletivo Jur\u00eddico Nacional da Contraf-CUT se reunir\u00e1 nesta quinta-feira (14), \u00e0s 10h, na sede da Contraf-CUT, em S\u00e3o Paulo, para debater os efeitos imediatos da Reforma Trabalhista com \u00eanfase na representa\u00e7\u00e3o e financiamento sindical, na Comiss\u00e3o de Representantes, entre outros. A reuni\u00e3o contar\u00e1 com [&hellip;]<\/p>\n","protected":false},"author":2,"featured_media":3524,"comment_status":"","ping_status":"","sticky":false,"template":"","format":"standard","meta":{"footnotes":""},"categories":[3],"tags":[],"class_list":["post-3525","post","type-post","status-publish","format-standard","has-post-thumbnail","hentry","category-noticias"],"_links":{"self":[{"href":"https:\/\/hostnetart.com.br\/baixada\/wp-json\/wp\/v2\/posts\/3525","targetHints":{"allow":["GET"]}}],"collection":[{"href":"https:\/\/hostnetart.com.br\/baixada\/wp-json\/wp\/v2\/posts"}],"about":[{"href":"https:\/\/hostnetart.com.br\/baixada\/wp-json\/wp\/v2\/types\/post"}],"author":[{"embeddable":true,"href":"https:\/\/hostnetart.com.br\/baixada\/wp-json\/wp\/v2\/users\/2"}],"replies":[{"embeddable":true,"href":"https:\/\/hostnetart.com.br\/baixada\/wp-json\/wp\/v2\/comments?post=3525"}],"version-history":[{"count":0,"href":"https:\/\/hostnetart.com.br\/baixada\/wp-json\/wp\/v2\/posts\/3525\/revisions"}],"wp:featuredmedia":[{"embeddable":true,"href":"https:\/\/hostnetart.com.br\/baixada\/wp-json\/wp\/v2\/media\/3524"}],"wp:attachment":[{"href":"https:\/\/hostnetart.com.br\/baixada\/wp-json\/wp\/v2\/media?parent=3525"}],"wp:term":[{"taxonomy":"category","embeddable":true,"href":"https:\/\/hostnetart.com.br\/baixada\/wp-json\/wp\/v2\/categories?post=3525"},{"taxonomy":"post_tag","embeddable":true,"href":"https:\/\/hostnetart.com.br\/baixada\/wp-json\/wp\/v2\/tags?post=3525"}],"curies":[{"name":"wp","href":"https:\/\/api.w.org\/{rel}","templated":true}]}}