{"id":3521,"date":"2017-12-13T11:05:10","date_gmt":"2017-12-13T13:05:10","guid":{"rendered":"https:\/\/hostnetart.com.br\/baixada\/comando-nacional-faz-balanco-de-2017-e-debate-acoes-para-2018\/"},"modified":"2017-12-13T11:05:10","modified_gmt":"2017-12-13T13:05:10","slug":"comando-nacional-faz-balanco-de-2017-e-debate-acoes-para-2018","status":"publish","type":"post","link":"https:\/\/hostnetart.com.br\/baixada\/comando-nacional-faz-balanco-de-2017-e-debate-acoes-para-2018\/","title":{"rendered":"Comando Nacional faz balan\u00e7o de 2017 e debate a\u00e7\u00f5es para 2018"},"content":{"rendered":"<div class=\"content\">\n<p>O Comando Nacional dos Banc\u00e1rios se reuniu, nesta ter\u00e7a-feira (12), para fazer um balan\u00e7o de todas as atividades realizadas em 2017. A reuni\u00e3o contou com a presen\u00e7a de todas as for\u00e7as sindicais, que debateram um calend\u00e1rio de luta e reuni\u00f5es para 2018.<\/p>\n<p>O Departamento Intersindical de Estat\u00edsticas e Estudos Socioecon\u00f4micos (Dieese) abriu o debate com uma apresenta\u00e7\u00e3o sobre a atual situa\u00e7\u00e3o do emprego banc\u00e1rio no pa\u00eds. Segundo ela, o total de banc\u00e1rios retornou ao n\u00edvel do ano de 1996, fechando o ano em 486 mil banc\u00e1rios, depois de 11 anos consecutivos de crescimento (de 2001 a 2012).<\/p>\n<p>De acordo com a conjuntura do pa\u00eds, os banc\u00e1rios discutiram o calend\u00e1rio de luta em defesa do emprego, dos direitos, da democracia, dos bancos p\u00fablicos e do movimento sindical, al\u00e9m de debater a\u00e7\u00f5es de resist\u00eancia. A proposta de agenda ser\u00e1 levada para os sindicatos e federa\u00e7\u00f5es e definida at\u00e9 o dia 31 de janeiro de 2018. \u00a0<\/p>\n<p>A Campanha Nacional em Defesa do Emprego e dos Direitos, realizada ao longo do ano, foi avaliada de forma positiva pelo presidente da Confedera\u00e7\u00e3o Nacional dos Trabalhadores do Ramo Financeiro (Contraf-CUT) e coordenador do Comando Nacional dos Banc\u00e1rios, Roberto von der Osten. \u201cEncerramos o ano animados. Felizmente, as nossas mobiliza\u00e7\u00f5es tiveram produtividade e junto com outras categorias e centrais sindicais conseguimos brecar algumas reformas, postergar vota\u00e7\u00f5es, e mesmo em cen\u00e1rio de golpe conseguimos trazer alento e esperan\u00e7a para os trabalhadores banc\u00e1rios\u201d, afirmou.<\/p>\n<p>\u201cN\u00f3s reavaliamos tamb\u00e9m a entrega do Termo de Compromisso \u00e0 Fenaban, no qual exigimos salvaguardas contra a ultratividade das cl\u00e1usulas, a n\u00e3o valida\u00e7\u00e3o de acordos individuais seja por qualquer tema ou condi\u00e7\u00e3o, e a n\u00e3o contrata\u00e7\u00e3o usando formas at\u00edpicas e prec\u00e1rias\u201d, declarou o presidente da Contraf-CUT.<\/p>\n<p>O encontro tamb\u00e9m analisou as negocia\u00e7\u00f5es com a Comiss\u00e3o Bipartite. \u201cFoi uma das conquistas da Campanha Nacional dos Banc\u00e1rios de 2011 e est\u00e1 prevista na Conven\u00e7\u00e3o Coletiva de Trabalho dos Banc\u00e1rios \u2013 CCT 2016\/2018. Essas mesas s\u00e3o um importante espa\u00e7o de debates sobre Sa\u00fade no Trabalho, Seguran\u00e7a Banc\u00e1ria, acompanhamento da Cl\u00e1usula de Preven\u00e7\u00e3o de Conflitos e combate \u00e0s discrimina\u00e7\u00f5es nos bancos atrav\u00e9s da promo\u00e7\u00e3o da Igualdade de Oportunidades\u201d, explicou.<\/p>\n<p>Tamb\u00e9m participaram da reuni\u00e3o os coordenadores da Comiss\u00e3o dos Empregados do Ita\u00fa (COE) e da Comiss\u00e3o Executiva dos Empregados\u00a0 da Caixa (CEE) da Caixa.<\/p>\n<p>Para Roberto von der Osten, o Comando Nacional encerra o ano com otimismo. \u201cVerificamos a imensa quantidade de lutas desse ano, tanto no calend\u00e1rio do Comando, tanto nas mesas tem\u00e1ticas, COE e CEE.\u00a0 A avalia\u00e7\u00e3o geral \u00e9 de um ano muito duro, de intensa mobiliza\u00e7\u00e3o, na qual o Comando teve um papel muito importante para os enfrentamentos. Fechamos o ano com a certeza da nossa capacidade de luta para o ano que vem\u201d, finalizou.<\/p>\n<\/div>\n<p id=\"page-author\"><strong>Fonte: Contraf-CUT<\/strong><\/p>\n","protected":false},"excerpt":{"rendered":"<p>O Comando Nacional dos Banc\u00e1rios se reuniu, nesta ter\u00e7a-feira (12), para fazer um balan\u00e7o de todas as atividades realizadas em 2017. A reuni\u00e3o contou com a presen\u00e7a de todas as for\u00e7as sindicais, que debateram um calend\u00e1rio de luta e reuni\u00f5es para 2018. O Departamento Intersindical de Estat\u00edsticas e Estudos Socioecon\u00f4micos (Dieese) abriu o debate com [&hellip;]<\/p>\n","protected":false},"author":2,"featured_media":3520,"comment_status":"","ping_status":"","sticky":false,"template":"","format":"standard","meta":{"footnotes":""},"categories":[3],"tags":[],"class_list":["post-3521","post","type-post","status-publish","format-standard","has-post-thumbnail","hentry","category-noticias"],"_links":{"self":[{"href":"https:\/\/hostnetart.com.br\/baixada\/wp-json\/wp\/v2\/posts\/3521","targetHints":{"allow":["GET"]}}],"collection":[{"href":"https:\/\/hostnetart.com.br\/baixada\/wp-json\/wp\/v2\/posts"}],"about":[{"href":"https:\/\/hostnetart.com.br\/baixada\/wp-json\/wp\/v2\/types\/post"}],"author":[{"embeddable":true,"href":"https:\/\/hostnetart.com.br\/baixada\/wp-json\/wp\/v2\/users\/2"}],"replies":[{"embeddable":true,"href":"https:\/\/hostnetart.com.br\/baixada\/wp-json\/wp\/v2\/comments?post=3521"}],"version-history":[{"count":0,"href":"https:\/\/hostnetart.com.br\/baixada\/wp-json\/wp\/v2\/posts\/3521\/revisions"}],"wp:featuredmedia":[{"embeddable":true,"href":"https:\/\/hostnetart.com.br\/baixada\/wp-json\/wp\/v2\/media\/3520"}],"wp:attachment":[{"href":"https:\/\/hostnetart.com.br\/baixada\/wp-json\/wp\/v2\/media?parent=3521"}],"wp:term":[{"taxonomy":"category","embeddable":true,"href":"https:\/\/hostnetart.com.br\/baixada\/wp-json\/wp\/v2\/categories?post=3521"},{"taxonomy":"post_tag","embeddable":true,"href":"https:\/\/hostnetart.com.br\/baixada\/wp-json\/wp\/v2\/tags?post=3521"}],"curies":[{"name":"wp","href":"https:\/\/api.w.org\/{rel}","templated":true}]}}