{"id":3519,"date":"2017-12-13T11:04:18","date_gmt":"2017-12-13T13:04:18","guid":{"rendered":"https:\/\/hostnetart.com.br\/baixada\/mpt-propoe-tac-a-caixa-contra-irregularidades-no-registro-de-jornada\/"},"modified":"2017-12-13T11:04:18","modified_gmt":"2017-12-13T13:04:18","slug":"mpt-propoe-tac-a-caixa-contra-irregularidades-no-registro-de-jornada","status":"publish","type":"post","link":"https:\/\/hostnetart.com.br\/baixada\/mpt-propoe-tac-a-caixa-contra-irregularidades-no-registro-de-jornada\/","title":{"rendered":"MPT prop\u00f5e TAC \u00e0 Caixa contra irregularidades no registro de jornada"},"content":{"rendered":"<div class=\"content\">\n<p>O Minist\u00e9rio P\u00fablico do Trabalho (MPT) realizou uma audi\u00eancia, no dia 6 de dezembro, \u00e0s 17h, na Procuradoria Regional do Trabalho da 10\u00aa Regi\u00e3o, para analisar uma den\u00fancia, recebida pela Comiss\u00e3o Executiva dos Empregados da Caixa (CEE\/Caixa), sobre a ocorr\u00eancia irregularidades no registro da jornada dos trabalhadores na Caixa Econ\u00f4mica Federal.\u00a0<\/p>\n<p>A Procuradora do Trabalho, Dra. Marici Coelho de Barros Pereira, alertou a Caixa a respeito das pr\u00e1ticas irregulares, que poder\u00e3o predispor uma a\u00e7\u00e3o p\u00fablica. \u00a0\u201cOs hor\u00e1rios de trabalho devem ser efetivamente registrados, correspondendo a realidade laborada, com o respectivo pagamento das horas extras\u201d, explicou.<\/p>\n<p>De acordo com o coordenador da CEE\/Caixa, Dion\u00edsio Reis, os sindicatos receberam um vasto n\u00famero de den\u00fancias de registro irregular da jornada de trabalho. \u201cN\u00f3s temos denunciado h\u00e1 muito tempo essas pr\u00e1ticas da Caixa, que pressionam os trabalhadores ao registro irregular da jornada, tanto com meta da economia de hora extra, quanto com amea\u00e7as de descomissionamentos dos trabalhadores, no caso do registro correto\u201d, disse.<\/p>\n<p>Em raz\u00e3o dos fatos apurados no inqu\u00e9rito civil, a procuradora prop\u00f4s um Termo de Compromisso de Ajuste de Conduta \u2013 TAC \u00e0 Caixa Econ\u00f4mica Federal, a fim de a empresa se comprometer a manter controle di\u00e1rio de jornada para todos os empregados, quanto aos reais registros de entrada, sa\u00edda e intervalos, devendo as horas extras ser efetivamente registradas.<\/p>\n<p>\u201c\u00c9 muito importante que os trabalhadores, que sofrem com \u00a0press\u00e3o por registro irregular, denunciem essas atitudes aos sindicatos para que seja feito o encaminhamento para a procuradora\u201d, explicou Dion\u00edsio Reis.\u00a0<\/p>\n<p>A Caixa se comprometeu a analisar o TAC. O Minist\u00e9rio P\u00fablico do Trabalho agendou nova audi\u00eancia para o dia 18 de dezembro de 2017, para poss\u00edvel assinatura do TAC proposto.<\/p>\n<\/div>\n<p id=\"page-author\"><strong>Fonte: Contraf-CUT<\/strong><\/p>\n","protected":false},"excerpt":{"rendered":"<p>O Minist\u00e9rio P\u00fablico do Trabalho (MPT) realizou uma audi\u00eancia, no dia 6 de dezembro, \u00e0s 17h, na Procuradoria Regional do Trabalho da 10\u00aa Regi\u00e3o, para analisar uma den\u00fancia, recebida pela Comiss\u00e3o Executiva dos Empregados da Caixa (CEE\/Caixa), sobre a ocorr\u00eancia irregularidades no registro da jornada dos trabalhadores na Caixa Econ\u00f4mica Federal.\u00a0 A Procuradora do Trabalho, [&hellip;]<\/p>\n","protected":false},"author":2,"featured_media":3518,"comment_status":"","ping_status":"","sticky":false,"template":"","format":"standard","meta":{"footnotes":""},"categories":[3],"tags":[],"class_list":["post-3519","post","type-post","status-publish","format-standard","has-post-thumbnail","hentry","category-noticias"],"_links":{"self":[{"href":"https:\/\/hostnetart.com.br\/baixada\/wp-json\/wp\/v2\/posts\/3519","targetHints":{"allow":["GET"]}}],"collection":[{"href":"https:\/\/hostnetart.com.br\/baixada\/wp-json\/wp\/v2\/posts"}],"about":[{"href":"https:\/\/hostnetart.com.br\/baixada\/wp-json\/wp\/v2\/types\/post"}],"author":[{"embeddable":true,"href":"https:\/\/hostnetart.com.br\/baixada\/wp-json\/wp\/v2\/users\/2"}],"replies":[{"embeddable":true,"href":"https:\/\/hostnetart.com.br\/baixada\/wp-json\/wp\/v2\/comments?post=3519"}],"version-history":[{"count":0,"href":"https:\/\/hostnetart.com.br\/baixada\/wp-json\/wp\/v2\/posts\/3519\/revisions"}],"wp:featuredmedia":[{"embeddable":true,"href":"https:\/\/hostnetart.com.br\/baixada\/wp-json\/wp\/v2\/media\/3518"}],"wp:attachment":[{"href":"https:\/\/hostnetart.com.br\/baixada\/wp-json\/wp\/v2\/media?parent=3519"}],"wp:term":[{"taxonomy":"category","embeddable":true,"href":"https:\/\/hostnetart.com.br\/baixada\/wp-json\/wp\/v2\/categories?post=3519"},{"taxonomy":"post_tag","embeddable":true,"href":"https:\/\/hostnetart.com.br\/baixada\/wp-json\/wp\/v2\/tags?post=3519"}],"curies":[{"name":"wp","href":"https:\/\/api.w.org\/{rel}","templated":true}]}}