{"id":3511,"date":"2017-12-12T18:01:27","date_gmt":"2017-12-12T20:01:27","guid":{"rendered":"https:\/\/hostnetart.com.br\/baixada\/hoje-tem-reuniao-da-comissao-bipartite-de-igualdade-de-oportunidades\/"},"modified":"2017-12-12T18:01:27","modified_gmt":"2017-12-12T20:01:27","slug":"hoje-tem-reuniao-da-comissao-bipartite-de-igualdade-de-oportunidades","status":"publish","type":"post","link":"https:\/\/hostnetart.com.br\/baixada\/hoje-tem-reuniao-da-comissao-bipartite-de-igualdade-de-oportunidades\/","title":{"rendered":"Hoje tem reuni\u00e3o da Comiss\u00e3o Bipartite de Igualdade de Oportunidades"},"content":{"rendered":"<div class=\"content\">\n<p>A Comiss\u00e3o Bipartite de Igualdade de Oportunidades, formada por representantes dos banc\u00e1rios e dos bancos, se re\u00fane nesta ter\u00e7a-feira (12), a partir das 15h, na sede da Federa\u00e7\u00e3o Nacional dos Bancos, em S\u00e3o Paulo.<\/p>\n<p>A pauta prev\u00ea a continuidade dos temas tradados na\u00a0<ins><strong><a href=\"http:\/\/www.contrafcut.org.br\/noticias\/comissao-bipartite-de-igualdade-de-oportunidades-abre-possibilidade-da-criacao-d-dfb5\" target=\"_blank\" rel=\"noopener noreferrer\">reuni\u00e3o anterior<\/a><\/strong><\/ins>.<\/p>\n<\/div>\n<p id=\"page-author\"><strong>Fonte: Contraf-CUT<\/strong><\/p>\n","protected":false},"excerpt":{"rendered":"<p>A Comiss\u00e3o Bipartite de Igualdade de Oportunidades, formada por representantes dos banc\u00e1rios e dos bancos, se re\u00fane nesta ter\u00e7a-feira (12), a partir das 15h, na sede da Federa\u00e7\u00e3o Nacional dos Bancos, em S\u00e3o Paulo. A pauta prev\u00ea a continuidade dos temas tradados na\u00a0reuni\u00e3o anterior. Fonte: Contraf-CUT<\/p>\n","protected":false},"author":2,"featured_media":3510,"comment_status":"","ping_status":"","sticky":false,"template":"","format":"standard","meta":{"footnotes":""},"categories":[3],"tags":[],"class_list":["post-3511","post","type-post","status-publish","format-standard","has-post-thumbnail","hentry","category-noticias"],"_links":{"self":[{"href":"https:\/\/hostnetart.com.br\/baixada\/wp-json\/wp\/v2\/posts\/3511","targetHints":{"allow":["GET"]}}],"collection":[{"href":"https:\/\/hostnetart.com.br\/baixada\/wp-json\/wp\/v2\/posts"}],"about":[{"href":"https:\/\/hostnetart.com.br\/baixada\/wp-json\/wp\/v2\/types\/post"}],"author":[{"embeddable":true,"href":"https:\/\/hostnetart.com.br\/baixada\/wp-json\/wp\/v2\/users\/2"}],"replies":[{"embeddable":true,"href":"https:\/\/hostnetart.com.br\/baixada\/wp-json\/wp\/v2\/comments?post=3511"}],"version-history":[{"count":0,"href":"https:\/\/hostnetart.com.br\/baixada\/wp-json\/wp\/v2\/posts\/3511\/revisions"}],"wp:featuredmedia":[{"embeddable":true,"href":"https:\/\/hostnetart.com.br\/baixada\/wp-json\/wp\/v2\/media\/3510"}],"wp:attachment":[{"href":"https:\/\/hostnetart.com.br\/baixada\/wp-json\/wp\/v2\/media?parent=3511"}],"wp:term":[{"taxonomy":"category","embeddable":true,"href":"https:\/\/hostnetart.com.br\/baixada\/wp-json\/wp\/v2\/categories?post=3511"},{"taxonomy":"post_tag","embeddable":true,"href":"https:\/\/hostnetart.com.br\/baixada\/wp-json\/wp\/v2\/tags?post=3511"}],"curies":[{"name":"wp","href":"https:\/\/api.w.org\/{rel}","templated":true}]}}