{"id":3509,"date":"2017-12-12T17:54:49","date_gmt":"2017-12-12T19:54:49","guid":{"rendered":"https:\/\/hostnetart.com.br\/baixada\/caref-tambem-questiona-ca-sobre-nova-reestruturacao-do-bb\/"},"modified":"2017-12-12T17:54:49","modified_gmt":"2017-12-12T19:54:49","slug":"caref-tambem-questiona-ca-sobre-nova-reestruturacao-do-bb","status":"publish","type":"post","link":"https:\/\/hostnetart.com.br\/baixada\/caref-tambem-questiona-ca-sobre-nova-reestruturacao-do-bb\/","title":{"rendered":"Caref tamb\u00e9m questiona CA sobre nova reestrutura\u00e7\u00e3o do BB"},"content":{"rendered":"<div class=\"content\">\n<p>O Banco do Brasil recebeu mais um questionamento sobre a veracidade das informa\u00e7\u00f5es sobre uma nova reestrutura\u00e7\u00e3o no banco divulgadas pela imprensa. Desta vez o questionamento partiu de Fabiano F\u00e9lix, representante dos funcion\u00e1rios (<em>Caref<\/em>) no Conselho de Administra\u00e7\u00e3o (CA) do BB.<\/p>\n<p>Segundo o Caref, nada disso foi pautado ou debatido no CA, \u00f3rg\u00e3o m\u00e1ximo de governan\u00e7a do BB, onde se decidem as quest\u00f5es estrat\u00e9gicas do banco. \u201c\u00c9 no m\u00ednimo desrespeitoso com os funcion\u00e1rios e um acinte \u00e0s boas pr\u00e1ticas de governan\u00e7a vazar medidas desta maneira\u201d, apontou Fabiano, que tamb\u00e9m soube das informa\u00e7\u00f5es pela imprensa.<\/p>\n<p>Os funcion\u00e1rios foram surpreendidos na sexta-feira (8) pela not\u00edcia de nova reestrutura\u00e7\u00e3o no Banco do Brasil, veiculada pelo jornal Correio Braziliense e replicada em outros \u00f3rg\u00e3os de imprensa. A mat\u00e9ria atribui as informa\u00e7\u00f5es a \u201cinterlocutores ligados ao presidente do BB\u201d e aponta a inten\u00e7\u00e3o do banco de aumentar a terceiriza\u00e7\u00e3o, criar novo plano de demiss\u00e3o incentivada direcionada a funcion\u00e1rios pr\u00f3ximos da aposentadoria, for\u00e7ar a transfer\u00eancia de funcion\u00e1rios para outras localidades, implantar remunera\u00e7\u00e3o por venda de produtos, reduzir despesas de pessoal, criar mais escrit\u00f3rios digitais, fechar ag\u00eancias ou transformar em postos de atendimento.<\/p>\n<p>A not\u00edcia circulou rapidamente nas depend\u00eancias do banco e gerou um clima de inseguran\u00e7a e grande descontentamento entre os funcion\u00e1rios, uma vez que as medidas podem afetar profundamente suas vidas profissionais e suas rela\u00e7\u00f5es com o banco.<\/p>\n<p>N\u00e3o \u00e9 a primeira vez que medidas estrat\u00e9gicas do banco s\u00e3o anunciadas pelos jornais, negadas pela diretoria da empresa e depois implantadas. No plano de demiss\u00e3o incentivada anterior, o PEAI, aconteceu a mesma coisa.<\/p>\n<p><strong>\u00a0<\/strong><\/p>\n<\/div>\n<p id=\"page-author\">Fonte: Contraf-CUT<\/p>\n","protected":false},"excerpt":{"rendered":"<p>O Banco do Brasil recebeu mais um questionamento sobre a veracidade das informa\u00e7\u00f5es sobre uma nova reestrutura\u00e7\u00e3o no banco divulgadas pela imprensa. Desta vez o questionamento partiu de Fabiano F\u00e9lix, representante dos funcion\u00e1rios (Caref) no Conselho de Administra\u00e7\u00e3o (CA) do BB. Segundo o Caref, nada disso foi pautado ou debatido no CA, \u00f3rg\u00e3o m\u00e1ximo de [&hellip;]<\/p>\n","protected":false},"author":2,"featured_media":3508,"comment_status":"","ping_status":"","sticky":false,"template":"","format":"standard","meta":{"footnotes":""},"categories":[3],"tags":[],"class_list":["post-3509","post","type-post","status-publish","format-standard","has-post-thumbnail","hentry","category-noticias"],"_links":{"self":[{"href":"https:\/\/hostnetart.com.br\/baixada\/wp-json\/wp\/v2\/posts\/3509","targetHints":{"allow":["GET"]}}],"collection":[{"href":"https:\/\/hostnetart.com.br\/baixada\/wp-json\/wp\/v2\/posts"}],"about":[{"href":"https:\/\/hostnetart.com.br\/baixada\/wp-json\/wp\/v2\/types\/post"}],"author":[{"embeddable":true,"href":"https:\/\/hostnetart.com.br\/baixada\/wp-json\/wp\/v2\/users\/2"}],"replies":[{"embeddable":true,"href":"https:\/\/hostnetart.com.br\/baixada\/wp-json\/wp\/v2\/comments?post=3509"}],"version-history":[{"count":0,"href":"https:\/\/hostnetart.com.br\/baixada\/wp-json\/wp\/v2\/posts\/3509\/revisions"}],"wp:featuredmedia":[{"embeddable":true,"href":"https:\/\/hostnetart.com.br\/baixada\/wp-json\/wp\/v2\/media\/3508"}],"wp:attachment":[{"href":"https:\/\/hostnetart.com.br\/baixada\/wp-json\/wp\/v2\/media?parent=3509"}],"wp:term":[{"taxonomy":"category","embeddable":true,"href":"https:\/\/hostnetart.com.br\/baixada\/wp-json\/wp\/v2\/categories?post=3509"},{"taxonomy":"post_tag","embeddable":true,"href":"https:\/\/hostnetart.com.br\/baixada\/wp-json\/wp\/v2\/tags?post=3509"}],"curies":[{"name":"wp","href":"https:\/\/api.w.org\/{rel}","templated":true}]}}