{"id":3501,"date":"2017-12-08T19:39:31","date_gmt":"2017-12-08T21:39:31","guid":{"rendered":"https:\/\/hostnetart.com.br\/baixada\/mais-uma-vez-funcionarios-sao-informados-pela-imprensa-sobre-reestruturacao-no-bb\/"},"modified":"2017-12-08T19:39:31","modified_gmt":"2017-12-08T21:39:31","slug":"mais-uma-vez-funcionarios-sao-informados-pela-imprensa-sobre-reestruturacao-no-bb","status":"publish","type":"post","link":"https:\/\/hostnetart.com.br\/baixada\/mais-uma-vez-funcionarios-sao-informados-pela-imprensa-sobre-reestruturacao-no-bb\/","title":{"rendered":"Mais uma vez, funcion\u00e1rios s\u00e3o informados pela imprensa sobre reestrutura\u00e7\u00e3o no BB"},"content":{"rendered":"<div class=\"content\">\n<p>O Jornal Correio Braziliense publicou mat\u00e9ria nesta sexta-feira (8) com informa\u00e7\u00f5es n\u00e3o oficiais sobre um novo processo de reestrutura\u00e7\u00e3o a ser realizado pelo Banco do Brasil. H\u00e1 cerca de um ano, o mesmo jornal publicou antecipadamente os detalhes sobre a reestrutura\u00e7\u00e3o que culminou com o corte, descomissionamento e rebaixamento de cargos de milhares de funcion\u00e1rios, com a implanta\u00e7\u00e3o de um plano de aposentadoria e fechamento de centenas de locais de trabalho.<\/p>\n<p>\u201cEstamos nos antecipando e solicitando ao Banco que d\u00ea transpar\u00eancia aos processos em andamento para que tenhamos negocia\u00e7\u00e3o das condi\u00e7\u00f5es de trabalho dos funcion\u00e1rios. N\u00e3o queremos que os funcion\u00e1rios sejam surpreendidos com anuncio do corte de vagas e fechamento de ag\u00eancias pela TV no domingo \u00e0 noite, como no ano passado\u201d, afirmou Wagner Nascimento, coordenador da Comiss\u00e3o de Empresa dos Funcion\u00e1rios do BB (CEBB).<\/p>\n<p>A Confedera\u00e7\u00e3o Nacional dos Trabalhadores do Ramo Financeiro (Contraf-CUT) enviou of\u00edcio ao BB solicitando explica\u00e7\u00f5es sobre a mat\u00e9ria e manifestando preocupa\u00e7\u00e3o com os funcion\u00e1rios, considerando os traumas ainda sentidos pela \u00faltima reestrutura\u00e7\u00e3o. O corte de funcion\u00e1rio, rebaixamento salarial e de fun\u00e7\u00f5es foi objeto de diversas a\u00e7\u00f5es sindicais, paralisa\u00e7\u00f5es e a\u00e7\u00f5es judiciais, al\u00e9m de alvo de processo de media\u00e7\u00e3o instaurado no Minist\u00e9rio P\u00fablico do Trabalho.<\/p>\n<p>\u201cN\u00e3o podemos admitir que os funcion\u00e1rios sejam informados sobre as a\u00e7\u00f5es do banco pela imprensa. Isso j\u00e1 aconteceu no final do ano passado, quando o banco deu in\u00edcio a um grande processo de reestrutura\u00e7\u00e3o que levou \u00e0 redu\u00e7\u00e3o de rendimentos dos funcion\u00e1rios, mudan\u00e7a de locais de trabalho, fechamento de ag\u00eancias, entre outras mudan\u00e7as. Existem canais de comunica\u00e7\u00e3o direta com os trabalhadores e seus representantes. O Banco do Brasil deveria ter uma postura diferente, de di\u00e1logo\u201d, criticou Carlos de Souza, secret\u00e1rio geral da Contraf-CUT.<\/p>\n<p>\u201cA Contraf-CUT est\u00e1 atenta a todas as movimenta\u00e7\u00f5es e publica\u00e7\u00f5es e n\u00e3o medir\u00e1 esfor\u00e7os para defender os funcion\u00e1rios do BB\u201d, completou o coordenador da CEBB, lembrando que recentemente o <ins><strong><a href=\"http:\/\/www.contrafcut.org.br\/noticias\/bb-vai-pagar-incorporacao-de-gratificacao-f8a6\" target=\"_blank\" rel=\"noopener noreferrer\">BB foi obrigado a cumprir decis\u00e3o judicial<\/a><\/strong><\/ins> de incorpora\u00e7\u00e3o de fun\u00e7\u00e3o, que beneficia funcion\u00e1rios atingidos pela reestrutura\u00e7\u00e3o iniciada ainda em 2016.<\/p>\n<p>\u201cSe tudo isso for verdade, trata-se de mais um grande ataque contra os trabalhadores do Banco do Brasil que merecem respostas imediatas\u201d, afirmou Carlos de Souza.<\/p>\n<p>Leia <ins><strong><a href=\"http:\/\/www.correiobraziliense.com.br\/app\/noticia\/economia\/2017\/12\/08\/internas_economia,646408\/banco-do-brasil-fara-mudancas-para-ficar-mais-competitivo-no-mercado.shtml\" target=\"_blank\" rel=\"noopener noreferrer\">mat\u00e9ria<\/a><\/strong><\/ins> publicada no Correio Braziliense.<\/p>\n<\/div>\n<p id=\"page-author\"><strong>Fonte: Contraf-CUT<\/strong><\/p>\n","protected":false},"excerpt":{"rendered":"<p>O Jornal Correio Braziliense publicou mat\u00e9ria nesta sexta-feira (8) com informa\u00e7\u00f5es n\u00e3o oficiais sobre um novo processo de reestrutura\u00e7\u00e3o a ser realizado pelo Banco do Brasil. H\u00e1 cerca de um ano, o mesmo jornal publicou antecipadamente os detalhes sobre a reestrutura\u00e7\u00e3o que culminou com o corte, descomissionamento e rebaixamento de cargos de milhares de funcion\u00e1rios, [&hellip;]<\/p>\n","protected":false},"author":2,"featured_media":3500,"comment_status":"","ping_status":"","sticky":false,"template":"","format":"standard","meta":{"footnotes":""},"categories":[3],"tags":[],"class_list":["post-3501","post","type-post","status-publish","format-standard","has-post-thumbnail","hentry","category-noticias"],"_links":{"self":[{"href":"https:\/\/hostnetart.com.br\/baixada\/wp-json\/wp\/v2\/posts\/3501","targetHints":{"allow":["GET"]}}],"collection":[{"href":"https:\/\/hostnetart.com.br\/baixada\/wp-json\/wp\/v2\/posts"}],"about":[{"href":"https:\/\/hostnetart.com.br\/baixada\/wp-json\/wp\/v2\/types\/post"}],"author":[{"embeddable":true,"href":"https:\/\/hostnetart.com.br\/baixada\/wp-json\/wp\/v2\/users\/2"}],"replies":[{"embeddable":true,"href":"https:\/\/hostnetart.com.br\/baixada\/wp-json\/wp\/v2\/comments?post=3501"}],"version-history":[{"count":0,"href":"https:\/\/hostnetart.com.br\/baixada\/wp-json\/wp\/v2\/posts\/3501\/revisions"}],"wp:featuredmedia":[{"embeddable":true,"href":"https:\/\/hostnetart.com.br\/baixada\/wp-json\/wp\/v2\/media\/3500"}],"wp:attachment":[{"href":"https:\/\/hostnetart.com.br\/baixada\/wp-json\/wp\/v2\/media?parent=3501"}],"wp:term":[{"taxonomy":"category","embeddable":true,"href":"https:\/\/hostnetart.com.br\/baixada\/wp-json\/wp\/v2\/categories?post=3501"},{"taxonomy":"post_tag","embeddable":true,"href":"https:\/\/hostnetart.com.br\/baixada\/wp-json\/wp\/v2\/tags?post=3501"}],"curies":[{"name":"wp","href":"https:\/\/api.w.org\/{rel}","templated":true}]}}