{"id":3497,"date":"2017-12-08T15:59:16","date_gmt":"2017-12-08T17:59:16","guid":{"rendered":"https:\/\/hostnetart.com.br\/baixada\/bancarios-do-rio-param-agencias-em-dia-de-vitoria-contra-transformacao-da-caixa-em-s-a\/"},"modified":"2017-12-08T15:59:16","modified_gmt":"2017-12-08T17:59:16","slug":"bancarios-do-rio-param-agencias-em-dia-de-vitoria-contra-transformacao-da-caixa-em-s-a","status":"publish","type":"post","link":"https:\/\/hostnetart.com.br\/baixada\/bancarios-do-rio-param-agencias-em-dia-de-vitoria-contra-transformacao-da-caixa-em-s-a\/","title":{"rendered":"Banc\u00e1rios do Rio param ag\u00eancias em dia de vit\u00f3ria contra transforma\u00e7\u00e3o da Caixa em S\/A"},"content":{"rendered":"<p><em><span style=\"text-decoration: underline;\">\u200bEmpregados realizaram paralisa\u00e7\u00e3o nas unidades da Rio Branco, Centro do Rio; mobiliza\u00e7\u00e3o nacional impediu a abertura de capital da Caixa<\/span><\/em><\/p>\n<p>Os empregados da Caixa Econ\u00f4mica Federal tiveram \u00eaxito na mobiliza\u00e7\u00e3o nacional, que culminou com paralisa\u00e7\u00e3o e protestos em todo o Brasil, nesta quinta-feira, dia 7 de dezembro. A empresa n\u00e3o ser\u00e1 transformada em sociedade an\u00f4nima. A decis\u00e3o hist\u00f3rica foi tomada pelo Conselho Administrativo do banco, nesta quinta-feira (7\/11), \u00e0 tarde, em reuni\u00e3o em Bras\u00edlia. Para o vice-presidente do Sindicato, Paulo Matileti, a resolu\u00e7\u00e3o foi uma grande vit\u00f3ria dos empregados da empresa, que t\u00eam promovido uma luta nacional, com greves, manifesta\u00e7\u00f5es e contatos com parlamentares, e que nesta quinta, fizeram uma Dia Nacional de Paralisa\u00e7\u00f5es e Protestos.<br \/>No Rio, os banc\u00e1rios pararam ag\u00eancias da Avenida Rio Branco, no centro financeiro da cidade. Matileti fez quest\u00e3o de ressaltar, al\u00e9m da press\u00e3o dos banc\u00e1rios, o papel desempenhado pela representante dos funcion\u00e1rios no Conselho de Administra\u00e7\u00e3o, Rita Serrano. \u201cRita foi incans\u00e1vel, percorrendo todo o pa\u00eds, ajudando a organizar os Comit\u00eas em Defesa da Caixa nos estados e articulando a defesa da Caixa 100% P\u00fablica no Congresso Nacional, nas prefeituras e demais casas legislativas\u201d, lembrou Matileti.<\/p>\n<p>A presidente do Sindicato, Adriana Nalesso, tamb\u00e9m comemorou: \u201cEsta \u00e9 uma data para ser lembrada para sempre. Trata-se de uma conquista hist\u00f3rica. Foi barrado, atrav\u00e9s da luta, o que seria o in\u00edcio do processo de privatiza\u00e7\u00e3o deste que \u00e9 o banco social brasileiro, voltado para o desenvolvimento do pa\u00eds, principalmente para o financiamento das micros, pequenas e m\u00e9dias empresas e de programas sociais voltados para os mais carentes\u201d, afirmou.<\/p>\n<p><strong><em>N\u00e3o baixar a guarda<\/em><\/strong><br \/>O diretor do Sindicato, Jos\u00e9 Ferreira, comemorou o resultado, que significa, ao mesmo tempo, uma vit\u00f3ria dos trabalhadores e uma derrota do governo Temer e de sua pol\u00edtica privatista. \u201cA luta fez o governo recuar de sua inten\u00e7\u00e3o de abrir o capital da Caixa, o que seria o fim deste importante instrumento de desenvolvimento do pa\u00eds. Vencemos uma importante batalha, mas temos que continuar atentos a qualquer nova iniciativa que vise acabar com a Caixa p\u00fablica\u201d, advertiu.<\/p>\n<p><em><strong>A decis\u00e3o do Conselho<\/strong><\/em><br \/>Em sua reuni\u00e3o, o Conselho de Administra\u00e7\u00e3o da CEF, decidiu excluir do texto a ser votado, o item que propunha a transforma\u00e7\u00e3o do banco em S\/A. Agora, o texto do Estatuto da Caixa precisa ser aprovado pelos \u00f3rg\u00e3os reguladores. Rita Serrano, representante dos empregados no Conselho, falou ap\u00f3s a vota\u00e7\u00e3o: \u201cTivemos uma grande conquista, e ela s\u00f3 vem comprovar com \u00e9 necess\u00e1rio acreditar na luta e ampliar nossa uni\u00e3o em defesa da Caixa p\u00fablica e seus trabalhadores\u201d.<\/p>\n<p>Ela destacou como fatores decisivos para a vit\u00f3ria, a mobiliza\u00e7\u00e3o dos empregados, entidades sindicais e associativas, parlamentares e movimentos sociais organizados, al\u00e9m da posi\u00e7\u00e3o da dire\u00e7\u00e3o da Caixa que tamb\u00e9m se op\u00f4s \u00e0 transforma\u00e7\u00e3o do banco em sociedade an\u00f4nima. \u201cO embate, vitorioso para toda a sociedade brasileira vem confirmar, ainda, a import\u00e2ncia da elei\u00e7\u00e3o de representantes dos trabalhadores nos conselhos das empresas, pois mesmo em minoria \u00e9 poss\u00edvel promover o debate e influenciar decis\u00f5es\u201d, avaliou.<\/p>\n<p><em><strong>Hist\u00f3rico da luta<\/strong><\/em><br \/>A mobiliza\u00e7\u00e3o para evitar que a Caixa se tornasse S\/A vem desde o Projeto de Lei 555 do Senado (PLS 555). \u00c0 \u00e9poca, uma grande mobiliza\u00e7\u00e3o nacional envolveu empregados de empresas p\u00fablicas e representantes dos movimentos associativo, sindical e social. O Estatuto das Estatais, ou Lei de Responsabilidade das Estatais, acabou sendo aprovado pelo Congresso Nacional e ainda tem pontos questionados na Justi\u00e7a, mas a amea\u00e7a de transforma\u00e7\u00e3o em sociedade an\u00f4nima foi afastada.<\/p>\n<p>No entanto, o tema voltou \u00e0 pauta recentemente, com a justificativa, pela equipe econ\u00f4mica do governo, de que a altera\u00e7\u00e3o melhoraria a governan\u00e7a na Caixa. Essa altera\u00e7\u00e3o, por\u00e9m, desrespeitava a pr\u00f3pria lei das estatais, e foi questionada pela representante dos empregados em documentos enviados \u00e0 dire\u00e7\u00e3o do banco. Paralelamente, audi\u00eancias p\u00fablicas em casas legislativas e discuss\u00f5es nos locais de trabalho e sindicatos j\u00e1 vinham alertando para os riscos de uma Caixa transformada em sociedade an\u00f4nima, abrindo seu capital ou, ainda, sendo privatizada.<\/p>\n<p><strong>Fonte: Seeb\/Rio de Janeiro<\/strong><\/p>\n","protected":false},"excerpt":{"rendered":"<p>\u200bEmpregados realizaram paralisa\u00e7\u00e3o nas unidades da Rio Branco, Centro do Rio; mobiliza\u00e7\u00e3o nacional impediu a abertura de capital da Caixa Os empregados da Caixa Econ\u00f4mica Federal tiveram \u00eaxito na mobiliza\u00e7\u00e3o nacional, que culminou com paralisa\u00e7\u00e3o e protestos em todo o Brasil, nesta quinta-feira, dia 7 de dezembro. A empresa n\u00e3o ser\u00e1 transformada em sociedade an\u00f4nima. [&hellip;]<\/p>\n","protected":false},"author":2,"featured_media":3496,"comment_status":"","ping_status":"","sticky":false,"template":"","format":"standard","meta":{"footnotes":""},"categories":[3],"tags":[],"class_list":["post-3497","post","type-post","status-publish","format-standard","has-post-thumbnail","hentry","category-noticias"],"_links":{"self":[{"href":"https:\/\/hostnetart.com.br\/baixada\/wp-json\/wp\/v2\/posts\/3497","targetHints":{"allow":["GET"]}}],"collection":[{"href":"https:\/\/hostnetart.com.br\/baixada\/wp-json\/wp\/v2\/posts"}],"about":[{"href":"https:\/\/hostnetart.com.br\/baixada\/wp-json\/wp\/v2\/types\/post"}],"author":[{"embeddable":true,"href":"https:\/\/hostnetart.com.br\/baixada\/wp-json\/wp\/v2\/users\/2"}],"replies":[{"embeddable":true,"href":"https:\/\/hostnetart.com.br\/baixada\/wp-json\/wp\/v2\/comments?post=3497"}],"version-history":[{"count":0,"href":"https:\/\/hostnetart.com.br\/baixada\/wp-json\/wp\/v2\/posts\/3497\/revisions"}],"wp:featuredmedia":[{"embeddable":true,"href":"https:\/\/hostnetart.com.br\/baixada\/wp-json\/wp\/v2\/media\/3496"}],"wp:attachment":[{"href":"https:\/\/hostnetart.com.br\/baixada\/wp-json\/wp\/v2\/media?parent=3497"}],"wp:term":[{"taxonomy":"category","embeddable":true,"href":"https:\/\/hostnetart.com.br\/baixada\/wp-json\/wp\/v2\/categories?post=3497"},{"taxonomy":"post_tag","embeddable":true,"href":"https:\/\/hostnetart.com.br\/baixada\/wp-json\/wp\/v2\/tags?post=3497"}],"curies":[{"name":"wp","href":"https:\/\/api.w.org\/{rel}","templated":true}]}}