{"id":3495,"date":"2017-12-08T15:57:16","date_gmt":"2017-12-08T17:57:16","guid":{"rendered":"https:\/\/hostnetart.com.br\/baixada\/vitoria-caixa-continua-100-publica\/"},"modified":"2017-12-08T15:57:16","modified_gmt":"2017-12-08T17:57:16","slug":"vitoria-caixa-continua-100-publica","status":"publish","type":"post","link":"https:\/\/hostnetart.com.br\/baixada\/vitoria-caixa-continua-100-publica\/","title":{"rendered":"Vit\u00f3ria: Caixa continua 100% p\u00fablica"},"content":{"rendered":"<p><em><span style=\"text-decoration: underline;\">Conquista se deve \u00e0 luta dos movimentos sociais e sindicais para que a Caixa n\u00e3o se tornasse S\/A<\/span><\/em><\/p>\n<p>Pela segunda vez, em pouco mais de um ano, os empregados da Caixa e suas entidades representativas conseguiram afastar o perigo de que o banco se transformasse em uma sociedade an\u00f4nima. Na reuni\u00e3o do Conselho de Administra\u00e7\u00e3o (CA), realizada nesta quinta-feira (7), o item que propunha a transforma\u00e7\u00e3o do banco em S\/A foi exclu\u00eddo do texto a ser votado. Agora, a reda\u00e7\u00e3o final do Estatuto precisa ser aprovada pelos \u00f3rg\u00e3os reguladores.<\/p>\n<p>Para o presidente da Confedera\u00e7\u00e3o Nacional dos Trabalhadores do Ramo Financeiro (Contraf-CUT), Roberto von der Osten, a conquista \u00e9 o resultado da luta dos trabalhadores e dos movimentos sindicais. \u201cAssim que come\u00e7aram os rumores de abertura de capital da Caixa, a Contraf-CUT imediatamente articulou com parceiros importantes, como: a Fenae e outras centrais sindicais, um F\u00f3rum de Defesa e uma Frente Parlamentar para lutar pela Caixa 100% P\u00fablica. Esta n\u00e3o \u00e9 uma luta s\u00f3 dos sindicalistas ou dos banc\u00e1rios. \u00c9 uma luta do povo brasileiro\u201d, explicou o presidente da Contraf-CUT.<\/p>\n<p>Na manh\u00e3 desta quinta-feira, a Contraf-CUT, federa\u00e7\u00f5es e sindicatos promoveram manifesta\u00e7\u00f5es em todo o pa\u00eds, para barrar a venda do banco p\u00fablico e defender empregos e direitos dos trabalhadores. \u201cEmpregados da Caixa e banc\u00e1rios do pa\u00eds inteiro, junto com os movimentos sociais, fizeram grandes atos no pa\u00eds inteiro para mostrar a import\u00e2ncia da Caixa 100% p\u00fablica para a sociedade. Defender a Caixa \u00e9 defender o Brasil. A Caixa \u00e9 o banco do povo\u201d, afirmou o coordenador da Comiss\u00e3o Executiva da Caixa, Dion\u00edsio Reis.<\/p>\n<p>\u201c\u00c9 importante que os trabalhadores continuem mobilizados em defesa dos seus direitos e em defesa dos bancos p\u00fablicos. Vencemos uma batalha, mas \u00e9 necess\u00e1rio ter aten\u00e7\u00e3o. Os direitos continuam em risco e \u00e9 importante que os empregados da Caixa acompanhem as entidades sindicais e as entidades associativas para saber os pr\u00f3ximos movimentos da luta\u201d, informou Dion\u00edsio Reis.<\/p>\n<p>A representante dos empregados no CA, Rita Serrano, destacou como fatores decisivos para a vit\u00f3ria, al\u00e9m da mobiliza\u00e7\u00e3o de empregados, entidades sindicais e associativas, parlamentares e movimentos sociais organizados, a posi\u00e7\u00e3o da dire\u00e7\u00e3o da Caixa, que tamb\u00e9m foi contr\u00e1ria a transforma\u00e7\u00e3o do banco em sociedade an\u00f4nima. \u201cTivemos uma grande conquista, e ela s\u00f3 vem comprovar como \u00e9 necess\u00e1rio acreditar na luta e ampliar nossa uni\u00e3o em defesa da Caixa p\u00fablica e seus trabalhadores\u201d, disse.<\/p>\n<p>\u00a0<\/p>\n<p><strong>Fonte: Contraf-CUT<\/strong><\/p>\n","protected":false},"excerpt":{"rendered":"<p>Conquista se deve \u00e0 luta dos movimentos sociais e sindicais para que a Caixa n\u00e3o se tornasse S\/A Pela segunda vez, em pouco mais de um ano, os empregados da Caixa e suas entidades representativas conseguiram afastar o perigo de que o banco se transformasse em uma sociedade an\u00f4nima. Na reuni\u00e3o do Conselho de Administra\u00e7\u00e3o [&hellip;]<\/p>\n","protected":false},"author":2,"featured_media":3494,"comment_status":"","ping_status":"","sticky":false,"template":"","format":"standard","meta":{"footnotes":""},"categories":[3],"tags":[],"class_list":["post-3495","post","type-post","status-publish","format-standard","has-post-thumbnail","hentry","category-noticias"],"_links":{"self":[{"href":"https:\/\/hostnetart.com.br\/baixada\/wp-json\/wp\/v2\/posts\/3495","targetHints":{"allow":["GET"]}}],"collection":[{"href":"https:\/\/hostnetart.com.br\/baixada\/wp-json\/wp\/v2\/posts"}],"about":[{"href":"https:\/\/hostnetart.com.br\/baixada\/wp-json\/wp\/v2\/types\/post"}],"author":[{"embeddable":true,"href":"https:\/\/hostnetart.com.br\/baixada\/wp-json\/wp\/v2\/users\/2"}],"replies":[{"embeddable":true,"href":"https:\/\/hostnetart.com.br\/baixada\/wp-json\/wp\/v2\/comments?post=3495"}],"version-history":[{"count":0,"href":"https:\/\/hostnetart.com.br\/baixada\/wp-json\/wp\/v2\/posts\/3495\/revisions"}],"wp:featuredmedia":[{"embeddable":true,"href":"https:\/\/hostnetart.com.br\/baixada\/wp-json\/wp\/v2\/media\/3494"}],"wp:attachment":[{"href":"https:\/\/hostnetart.com.br\/baixada\/wp-json\/wp\/v2\/media?parent=3495"}],"wp:term":[{"taxonomy":"category","embeddable":true,"href":"https:\/\/hostnetart.com.br\/baixada\/wp-json\/wp\/v2\/categories?post=3495"},{"taxonomy":"post_tag","embeddable":true,"href":"https:\/\/hostnetart.com.br\/baixada\/wp-json\/wp\/v2\/tags?post=3495"}],"curies":[{"name":"wp","href":"https:\/\/api.w.org\/{rel}","templated":true}]}}