{"id":3493,"date":"2017-12-07T17:26:53","date_gmt":"2017-12-07T19:26:53","guid":{"rendered":"https:\/\/hostnetart.com.br\/baixada\/empregados-da-caixa-protestam-em-todo-o-brasil\/"},"modified":"2017-12-07T17:26:53","modified_gmt":"2017-12-07T19:26:53","slug":"empregados-da-caixa-protestam-em-todo-o-brasil","status":"publish","type":"post","link":"https:\/\/hostnetart.com.br\/baixada\/empregados-da-caixa-protestam-em-todo-o-brasil\/","title":{"rendered":"Empregados da Caixa protestam em todo o Brasil"},"content":{"rendered":"<p>O Conselho de Administra\u00e7\u00e3o da Caixa se re\u00fane nesta quinta-feira (7). Em pauta estar\u00e1 a altera\u00e7\u00e3o do estatuto do banco, com uma proposta que possibilita a transforma\u00e7\u00e3o do banco em uma empresa de sociedade an\u00f4nima.<\/p>\n<p>Empregados da Caixa e sindicatos dos banc\u00e1rios de todo o pa\u00eds realizam protestos em frente \u00e0s ag\u00eancias do banco contra a proposta de altera\u00e7\u00e3o estatut\u00e1ria.<\/p>\n<p>\u201cEsse \u00e9 o primeiro passo para abrir o capital da empresa e, desta maneira, a Caixa deixar de ser 100% p\u00fablica. Abrindo o capital, a Caixa ter\u00e1 que responder aos interesses de acionistas, mesmo minorit\u00e1rios. Investidores privados t\u00eam como prioridade o lucro. N\u00e3o lhes interessa desenvolver pol\u00edticas sociais, como a constru\u00e7\u00e3o de casas populares, ou mesmo a manuten\u00e7\u00e3o de ag\u00eancias em bairros e cidades consideradas como de baixa lucratividade\u201d, disse Dion\u00edsio Reis, coordenador da Comiss\u00e3o Executiva dos Empregados da Caixa (CEE\/Caixa).<\/p>\n<p>Presente em S\u00e3o Paulo desde quarta-feira (6) para participar de reuni\u00e3o na sede da entidade, a Diretoria Executiva da Confedera\u00e7\u00e3o Nacional dos Trabalhadores do Ramo Financeiro (Contraf-CUT), participou das atividades realizadas na avenida Paulista pelo Sindicato dos Banc\u00e1rios de S\u00e3o Paulo Osasco e Regi\u00e3o.<\/p>\n<p>Segundo o presidente da Contraf-CUT, Roberto von der Osten, as pol\u00edticas de inclus\u00e3o e desenvolvimento implantadas no Brasil somente foram realizadas porque existem os bancos p\u00fablicos. O sonho da casa pr\u00f3pria somente foi poss\u00edvel devido \u00e0 exist\u00eancia da Caixa Econ\u00f4mica Federal 100% p\u00fablica e do programa Minha Casa, Minha vida. O acesso das pessoas mais pobres \u00e0 universidade se deve \u00e0 exist\u00eancia do ProUni e do Fies, a distribui\u00e7\u00e3o de renda, que proporcionou a redu\u00e7\u00e3o da fome e da mis\u00e9ria, foi feita pelo Bolsa Fam\u00edlia.<\/p>\n<p>\u201c\u00c9 fundamental a manuten\u00e7\u00e3o da Caixa como empresa 100% p\u00fablica para que pol\u00edticas como estas continuem existindo. Nada impede que os bancos privados invistam nestas pol\u00edticas voltadas \u00e0 popula\u00e7\u00e3o mais carente, mas eles n\u00e3o investem. Para eles, n\u00e3o \u00e9 interessante. Eles querem investir em coisas mais lucrativas\u201d, disse o presidente da Contraf-CUT. \u201cCom a abertura do capital, consequentemente haver\u00e1 a abertura do capital da Caixa e, assim o banco deixar\u00e1 de ser 100% p\u00fablico. Toda a sociedade perder\u00e1 muito se isso acontecer. Os \u00fanicos beneficiados ser\u00e3o os bancos privados, que j\u00e1 ganham demais no Brasil\u201d, completou.<\/p>\n<p>Durante os atos, empregados e a popula\u00e7\u00e3o receberam uma cartilha explicando os motivos da necessidade de manuten\u00e7\u00e3o da Caixa 100% publica e uma carta aberta informando outros motivos dos protestos, como a n\u00e3o contrata\u00e7\u00e3o de funcion\u00e1rios, medida que prejudica o atendimento \u00e0 popula\u00e7\u00e3o, sobrecarrega os funcion\u00e1rios e os leva ao adoecimento, reduzindo ainda mais o quadro de funcion\u00e1rios e prejudicando a popula\u00e7\u00e3o. \u201cA popula\u00e7\u00e3o \u00e9 quem mais sofre com o desmonte da Caixa promovido pelo governo Temer\u201d, disse Dion\u00edsio.<\/p>\n<p><strong>Fonte: Contraf-CUT<\/strong><\/p>\n","protected":false},"excerpt":{"rendered":"<p>O Conselho de Administra\u00e7\u00e3o da Caixa se re\u00fane nesta quinta-feira (7). Em pauta estar\u00e1 a altera\u00e7\u00e3o do estatuto do banco, com uma proposta que possibilita a transforma\u00e7\u00e3o do banco em uma empresa de sociedade an\u00f4nima. Empregados da Caixa e sindicatos dos banc\u00e1rios de todo o pa\u00eds realizam protestos em frente \u00e0s ag\u00eancias do banco contra [&hellip;]<\/p>\n","protected":false},"author":2,"featured_media":3492,"comment_status":"","ping_status":"","sticky":false,"template":"","format":"standard","meta":{"footnotes":""},"categories":[3],"tags":[],"class_list":["post-3493","post","type-post","status-publish","format-standard","has-post-thumbnail","hentry","category-noticias"],"_links":{"self":[{"href":"https:\/\/hostnetart.com.br\/baixada\/wp-json\/wp\/v2\/posts\/3493","targetHints":{"allow":["GET"]}}],"collection":[{"href":"https:\/\/hostnetart.com.br\/baixada\/wp-json\/wp\/v2\/posts"}],"about":[{"href":"https:\/\/hostnetart.com.br\/baixada\/wp-json\/wp\/v2\/types\/post"}],"author":[{"embeddable":true,"href":"https:\/\/hostnetart.com.br\/baixada\/wp-json\/wp\/v2\/users\/2"}],"replies":[{"embeddable":true,"href":"https:\/\/hostnetart.com.br\/baixada\/wp-json\/wp\/v2\/comments?post=3493"}],"version-history":[{"count":0,"href":"https:\/\/hostnetart.com.br\/baixada\/wp-json\/wp\/v2\/posts\/3493\/revisions"}],"wp:featuredmedia":[{"embeddable":true,"href":"https:\/\/hostnetart.com.br\/baixada\/wp-json\/wp\/v2\/media\/3492"}],"wp:attachment":[{"href":"https:\/\/hostnetart.com.br\/baixada\/wp-json\/wp\/v2\/media?parent=3493"}],"wp:term":[{"taxonomy":"category","embeddable":true,"href":"https:\/\/hostnetart.com.br\/baixada\/wp-json\/wp\/v2\/categories?post=3493"},{"taxonomy":"post_tag","embeddable":true,"href":"https:\/\/hostnetart.com.br\/baixada\/wp-json\/wp\/v2\/tags?post=3493"}],"curies":[{"name":"wp","href":"https:\/\/api.w.org\/{rel}","templated":true}]}}