{"id":3491,"date":"2017-12-07T15:09:43","date_gmt":"2017-12-07T17:09:43","guid":{"rendered":"https:\/\/hostnetart.com.br\/baixada\/cut-repudia-ma-fe-da-folha-de-s-paulo\/"},"modified":"2017-12-07T15:09:43","modified_gmt":"2017-12-07T17:09:43","slug":"cut-repudia-ma-fe-da-folha-de-s-paulo","status":"publish","type":"post","link":"https:\/\/hostnetart.com.br\/baixada\/cut-repudia-ma-fe-da-folha-de-s-paulo\/","title":{"rendered":"CUT repudia m\u00e1-f\u00e9 da Folha de S. Paulo"},"content":{"rendered":"<p><span style=\"text-decoration: underline;\"><em>\u200bCentral n\u00e3o negocia retirada de direitos dos trabalhadores e das trabalhadoras, muito menos com um governo golpista, ileg\u00edtimo e corrupto<\/em><\/span><\/p>\n<p>A CUT repudia a m\u00e1-f\u00e9 da Folha de S. Paulo que distorce e manipula informa\u00e7\u00f5es com o claro objetivo de enfraquecer a luta do movimento sindical contra os ataques aos direios dos trabalhadores e das trabalhadoras.<\/p>\n<p>Uma nota do Painel da Folha insinua que o governo ir\u00e1 liberar recursos em troca de apoio \u00e0 nova proposta de reforma da Previd\u00eancia que praticamente acaba com a aposentadoria.<\/p>\n<p>Em minutos a nota virou manchete do UOL, como se fosse uma verdade incontest\u00e1vel.<\/p>\n<p>\u00c9 mais uma mentira da Folha de S. Paulo!<\/p>\n<p>O governo n\u00e3o est\u00e1 liberando nada. Esse dinheiro pertence \u00e0 CUT e demais centrais e foi bloqueado indevidamente pela Caixa Econ\u00f4mica Federal.<\/p>\n<p>Temer n\u00e3o faz mais do que a obriga\u00e7\u00e3o ao liberar um dinheiro que pertence \u00e0 classe trabalhadora e vai ser usado na luta contra os ataques aos direitos sociais e trabalhistas patrocinados por esse governo usurpador e corrupto, como afirmou o ex-Procurador Geral da Rep\u00fablica, Rodrigo Janot.<\/p>\n<p>A Folha de S. Paulo repete o que j\u00e1 se tornou tradi\u00e7\u00e3o no jornal, manipula as informa\u00e7\u00f5es para induzir o leitor a acreditar que a CUT e demais centrais est\u00e3o negociando recursos em troca de apoio ao desmonte da Previd\u00eancia.<\/p>\n<p>A CUT, a maior e mais combativa central sindical do pa\u00eds, reafirma que n\u00e3o negocia direitos dos trabalhadores.<\/p>\n<p>A CUT reafirma tamb\u00e9m que n\u00e3o negocia nada com o governo ileg\u00edtimo e golpista de Temer.<\/p>\n<p>A CUT denuncia a manipula\u00e7\u00e3o e a m\u00e1-f\u00e9 deste jornal golpista que tem interesse em defender o fim das aposentadorias.<\/p>\n<p>Um aviso \u00e0 Folha e ao governo: se botar para votar, o Brasil vai parar!<\/p>\n<p>Vagner Freitas<\/p>\n<p>Presidente Nacional da CUT<\/p>\n<p><strong>Fonte: CUT<\/strong><\/p>\n","protected":false},"excerpt":{"rendered":"<p>\u200bCentral n\u00e3o negocia retirada de direitos dos trabalhadores e das trabalhadoras, muito menos com um governo golpista, ileg\u00edtimo e corrupto A CUT repudia a m\u00e1-f\u00e9 da Folha de S. Paulo que distorce e manipula informa\u00e7\u00f5es com o claro objetivo de enfraquecer a luta do movimento sindical contra os ataques aos direios dos trabalhadores e das [&hellip;]<\/p>\n","protected":false},"author":2,"featured_media":3490,"comment_status":"","ping_status":"","sticky":false,"template":"","format":"standard","meta":{"footnotes":""},"categories":[3],"tags":[],"class_list":["post-3491","post","type-post","status-publish","format-standard","has-post-thumbnail","hentry","category-noticias"],"_links":{"self":[{"href":"https:\/\/hostnetart.com.br\/baixada\/wp-json\/wp\/v2\/posts\/3491","targetHints":{"allow":["GET"]}}],"collection":[{"href":"https:\/\/hostnetart.com.br\/baixada\/wp-json\/wp\/v2\/posts"}],"about":[{"href":"https:\/\/hostnetart.com.br\/baixada\/wp-json\/wp\/v2\/types\/post"}],"author":[{"embeddable":true,"href":"https:\/\/hostnetart.com.br\/baixada\/wp-json\/wp\/v2\/users\/2"}],"replies":[{"embeddable":true,"href":"https:\/\/hostnetart.com.br\/baixada\/wp-json\/wp\/v2\/comments?post=3491"}],"version-history":[{"count":0,"href":"https:\/\/hostnetart.com.br\/baixada\/wp-json\/wp\/v2\/posts\/3491\/revisions"}],"wp:featuredmedia":[{"embeddable":true,"href":"https:\/\/hostnetart.com.br\/baixada\/wp-json\/wp\/v2\/media\/3490"}],"wp:attachment":[{"href":"https:\/\/hostnetart.com.br\/baixada\/wp-json\/wp\/v2\/media?parent=3491"}],"wp:term":[{"taxonomy":"category","embeddable":true,"href":"https:\/\/hostnetart.com.br\/baixada\/wp-json\/wp\/v2\/categories?post=3491"},{"taxonomy":"post_tag","embeddable":true,"href":"https:\/\/hostnetart.com.br\/baixada\/wp-json\/wp\/v2\/tags?post=3491"}],"curies":[{"name":"wp","href":"https:\/\/api.w.org\/{rel}","templated":true}]}}