{"id":3489,"date":"2017-12-07T15:09:02","date_gmt":"2017-12-07T17:09:02","guid":{"rendered":"https:\/\/hostnetart.com.br\/baixada\/alerta-vermelho-caixa-s-a-nao\/"},"modified":"2017-12-07T15:09:02","modified_gmt":"2017-12-07T17:09:02","slug":"alerta-vermelho-caixa-s-a-nao","status":"publish","type":"post","link":"https:\/\/hostnetart.com.br\/baixada\/alerta-vermelho-caixa-s-a-nao\/","title":{"rendered":"Alerta vermelho! Caixa S\/A n\u00e3o!"},"content":{"rendered":"<div class=\"content\">\n<p>Esta quinta-feira 7 \u00e9 o Dia D para a defesa da Caixa 100% P\u00fablica e dos seus empregados em todo o pa\u00eds. Nesta data ocorre reuni\u00e3o do Conselho de Administra\u00e7\u00e3o (CA) do banco, na qual pode ser votada mudan\u00e7a estatut\u00e1ria que transforma a Caixa em sociedade an\u00f4nima (S\/A), abrindo portas para a abertura de capital e privatiza\u00e7\u00e3o.<\/p>\n<p>Para barrar a venda desse patrim\u00f4nio dos brasileiros e defender empregos e direitos, o Sindicato promove tamb\u00e9m no dia 7, junto aos movimentos de moradia, manifesta\u00e7\u00f5es nas ag\u00eancias da Av. Paulista e convoca cada empregado a vestir vermelho, simbolizando a raiva com os rumos do banco, ditados pela pol\u00edtica neoliberal e privatista do governo Temer.<\/p>\n<p><em>\u201cOs empregados t\u00eam de ter a clareza que, uma vez a Caixa se tornando S\/A, seus empregos est\u00e3o seriamente amea\u00e7ados. J\u00e1 vimos esse processo em outros bancos como Banespa e Banerj, na d\u00e9cada de 90. Em negocia\u00e7\u00e3o, a dire\u00e7\u00e3o do banco negou garantia de emprego e, no dia seguinte, revogou o RH 151, que assegurava incorpora\u00e7\u00e3o de fun\u00e7\u00e3o. Estamos na mira desta ponte para o passado representada pelo desgoverno Temer.\u201d, alerta o dirigente e empregado da Caixa, Francisco Pugliesi, o Chico.<\/em><\/p>\n<p>A dire\u00e7\u00e3o da Caixa pretendia votar a mudan\u00e7a do estatuto no dia 18 de outubro, o que s\u00f3 n\u00e3o ocorreu gra\u00e7as \u00e0 mobiliza\u00e7\u00e3o dos empregados, que promoveram Dia Nacional de Luta na mesma data.<\/p>\n<p><em>\u201cNossa luta em Defesa da Caixa 100% P\u00fablica \u00e9 antiga. Estivemos mobilizados e enfrentamos cada amea\u00e7a de privatiza\u00e7\u00e3o e redu\u00e7\u00e3o do papel social do banco. Tiramos do Estatuto das Estatais (Lei 13.303\/2016) a exig\u00eancia de transforma\u00e7\u00e3o das empresas p\u00fablicas em S\/A. Agora, estamos novamente diante de uma batalha decisiva. O momento exige forte rea\u00e7\u00e3o dos empregados, movimentos sociais e de todo conjunto da sociedade. S\u00f3 a luta te garante\u201d, conclama a presidenta do Sindicato, Ivone Silva.<\/em><\/p>\n<\/div>\n<p id=\"page-author\"><strong>Fonte: SPBanc\u00e1rios<\/strong><\/p>\n","protected":false},"excerpt":{"rendered":"<p>Esta quinta-feira 7 \u00e9 o Dia D para a defesa da Caixa 100% P\u00fablica e dos seus empregados em todo o pa\u00eds. Nesta data ocorre reuni\u00e3o do Conselho de Administra\u00e7\u00e3o (CA) do banco, na qual pode ser votada mudan\u00e7a estatut\u00e1ria que transforma a Caixa em sociedade an\u00f4nima (S\/A), abrindo portas para a abertura de capital [&hellip;]<\/p>\n","protected":false},"author":2,"featured_media":3488,"comment_status":"","ping_status":"","sticky":false,"template":"","format":"standard","meta":{"footnotes":""},"categories":[3],"tags":[],"class_list":["post-3489","post","type-post","status-publish","format-standard","has-post-thumbnail","hentry","category-noticias"],"_links":{"self":[{"href":"https:\/\/hostnetart.com.br\/baixada\/wp-json\/wp\/v2\/posts\/3489","targetHints":{"allow":["GET"]}}],"collection":[{"href":"https:\/\/hostnetart.com.br\/baixada\/wp-json\/wp\/v2\/posts"}],"about":[{"href":"https:\/\/hostnetart.com.br\/baixada\/wp-json\/wp\/v2\/types\/post"}],"author":[{"embeddable":true,"href":"https:\/\/hostnetart.com.br\/baixada\/wp-json\/wp\/v2\/users\/2"}],"replies":[{"embeddable":true,"href":"https:\/\/hostnetart.com.br\/baixada\/wp-json\/wp\/v2\/comments?post=3489"}],"version-history":[{"count":0,"href":"https:\/\/hostnetart.com.br\/baixada\/wp-json\/wp\/v2\/posts\/3489\/revisions"}],"wp:featuredmedia":[{"embeddable":true,"href":"https:\/\/hostnetart.com.br\/baixada\/wp-json\/wp\/v2\/media\/3488"}],"wp:attachment":[{"href":"https:\/\/hostnetart.com.br\/baixada\/wp-json\/wp\/v2\/media?parent=3489"}],"wp:term":[{"taxonomy":"category","embeddable":true,"href":"https:\/\/hostnetart.com.br\/baixada\/wp-json\/wp\/v2\/categories?post=3489"},{"taxonomy":"post_tag","embeddable":true,"href":"https:\/\/hostnetart.com.br\/baixada\/wp-json\/wp\/v2\/tags?post=3489"}],"curies":[{"name":"wp","href":"https:\/\/api.w.org\/{rel}","templated":true}]}}