{"id":3487,"date":"2017-12-06T16:51:02","date_gmt":"2017-12-06T18:51:02","guid":{"rendered":"https:\/\/hostnetart.com.br\/baixada\/cut-reafirma-greve-se-reforma-da-previdencia-for-a-votacao\/"},"modified":"2017-12-06T16:51:02","modified_gmt":"2017-12-06T18:51:02","slug":"cut-reafirma-greve-se-reforma-da-previdencia-for-a-votacao","status":"publish","type":"post","link":"https:\/\/hostnetart.com.br\/baixada\/cut-reafirma-greve-se-reforma-da-previdencia-for-a-votacao\/","title":{"rendered":"CUT reafirma greve se reforma da Previd\u00eancia for \u00e0 vota\u00e7\u00e3o"},"content":{"rendered":"<p><em><span style=\"text-decoration: underline;\">\u201cSe colocar para votar dia 13, o Brasil vai parar\u201d, afirma o presidente da CUT, durante ato em S\u00e3o Paulo contra o desmonte da Previd\u00eancia<\/span><\/em><\/p>\n<p>No encerramento do ato da CUT contra a nova proposta de Reforma da Previd\u00eancia nesta ter\u00e7a-feira (5), em S\u00e3o Paulo, o presidente da Central, Vagner Freitas, convocou os trabalhadores e trabalhadoras para uma greve nacional no dia em que a C\u00e2mara dos Deputados decidir votar o desmonte. <\/p>\n<p>Ao ser informado que a proposta deve entrar na pauta da C\u00e2mara na pr\u00f3xima quarta-feira (13), Vagner avisou: \u201cSe colocar para votar no dia 13, o Brasil vai parar\u201d. <\/p>\n<p>E aos que duvidam da capacidade do movimento sindical de mobilizar a classe trabalhadora contra o fim da aposentadoria, Vagner lembrou a greve geral de 28 de abril que parou o Brasil. \u201cJ\u00e1 colocamos 45 milh\u00f5es de pessoas em greve no dia 28 de abril e temos condi\u00e7\u00f5es de fazer uma greve maior, prova disso s\u00e3o os atos realizados em todo o pa\u00eds hoje\u201d, concluiu o presidente da CUT.<\/p>\n<p><strong>Fonte: CUT Nacional<\/strong><\/p>\n","protected":false},"excerpt":{"rendered":"<p>\u201cSe colocar para votar dia 13, o Brasil vai parar\u201d, afirma o presidente da CUT, durante ato em S\u00e3o Paulo contra o desmonte da Previd\u00eancia No encerramento do ato da CUT contra a nova proposta de Reforma da Previd\u00eancia nesta ter\u00e7a-feira (5), em S\u00e3o Paulo, o presidente da Central, Vagner Freitas, convocou os trabalhadores e [&hellip;]<\/p>\n","protected":false},"author":2,"featured_media":3486,"comment_status":"","ping_status":"","sticky":false,"template":"","format":"standard","meta":{"footnotes":""},"categories":[3],"tags":[],"class_list":["post-3487","post","type-post","status-publish","format-standard","has-post-thumbnail","hentry","category-noticias"],"_links":{"self":[{"href":"https:\/\/hostnetart.com.br\/baixada\/wp-json\/wp\/v2\/posts\/3487","targetHints":{"allow":["GET"]}}],"collection":[{"href":"https:\/\/hostnetart.com.br\/baixada\/wp-json\/wp\/v2\/posts"}],"about":[{"href":"https:\/\/hostnetart.com.br\/baixada\/wp-json\/wp\/v2\/types\/post"}],"author":[{"embeddable":true,"href":"https:\/\/hostnetart.com.br\/baixada\/wp-json\/wp\/v2\/users\/2"}],"replies":[{"embeddable":true,"href":"https:\/\/hostnetart.com.br\/baixada\/wp-json\/wp\/v2\/comments?post=3487"}],"version-history":[{"count":0,"href":"https:\/\/hostnetart.com.br\/baixada\/wp-json\/wp\/v2\/posts\/3487\/revisions"}],"wp:featuredmedia":[{"embeddable":true,"href":"https:\/\/hostnetart.com.br\/baixada\/wp-json\/wp\/v2\/media\/3486"}],"wp:attachment":[{"href":"https:\/\/hostnetart.com.br\/baixada\/wp-json\/wp\/v2\/media?parent=3487"}],"wp:term":[{"taxonomy":"category","embeddable":true,"href":"https:\/\/hostnetart.com.br\/baixada\/wp-json\/wp\/v2\/categories?post=3487"},{"taxonomy":"post_tag","embeddable":true,"href":"https:\/\/hostnetart.com.br\/baixada\/wp-json\/wp\/v2\/tags?post=3487"}],"curies":[{"name":"wp","href":"https:\/\/api.w.org\/{rel}","templated":true}]}}